{"id":3879,"date":"2023-11-09T13:45:01","date_gmt":"2023-11-09T13:45:01","guid":{"rendered":"https:\/\/www.multipartner.hr\/?p=3879"},"modified":"2023-11-20T10:35:35","modified_gmt":"2023-11-20T10:35:35","slug":"multimobility-specijalizirana-nadogradnja-vozila-za-prijevoz-osoba-s-invaliditetom","status":"publish","type":"post","link":"https:\/\/www.multipartner.hr\/hr\/multimobility-specijalizirana-nadogradnja-vozila-za-prijevoz-osoba-s-invaliditetom\/","title":{"rendered":"MultiMobility &#8211; Specijalizirana nadogradnja vozila za prijevoz osoba s invaliditetom"},"content":{"rendered":"<div class=\"wpb-content-wrapper\"><p>[vc_row][vc_column][vc_column_text]Volkswagen Crafter ve\u0107 je poznat kao pouzdano vozilo za prijevoz, no s ovom nadogradnjom pretvorili smo ga u pravi izbor za prijevoz osoba s invaliditetom. Nadogradnja dolazi unutar na\u0161eg MultiMobility programa &#8212; usmjerenog svima koji zbog svog invaliditeta imaju pote\u0161ko\u0107e u pristupu i upravljanju vozilima. Svako na\u0161e rje\u0161enje odlikuju vrhunske komponente i svako je specifi\u010dno prilago\u0111eno individualnim potrebama klijenata.<\/p>\n<p>Vozilo sada nudi siguran i udoban kombinirani prijevoz osoba s invaliditetom u sjedalima i u kolicima &#8212; 3 osobe u kolicima ili 8 u sjedalima.<\/p>\n<p>Prvi korak u transformaciji ovog VW Craftera je instalacija &#8216;smart floor&#8217; podnice, izra\u0111ene od visokokvalitetnog aluminija. Ova inovativna podnica omogu\u0107ava lako pri\u010dvr\u0161\u0107ivanje i siguran transport invalidskih kolica i sjedala, daju\u0107i voza\u010du slobodu u prilagodbi unutra\u0161njosti vozila prema trenutnim potrebama. Ona predstavlja temelj funkcionalnosti vozila, pru\u017eaju\u0107i temeljnu sigurnost i fleksibilnost za korisnike.<\/p>\n<p>Pove\u0107ana sigurnost osigurana je sustavom za vezanje kolica u tri to\u010dke, uz pomo\u0107 vodilica smje\u0161tenih na bokovima vozila. Ovaj sustav ne samo da dr\u017ei putnike na mjestu nego i smanjuje rizik tijekom putovanja, bez obzira na putne uvjete.<\/p>\n<p>VW Crafter s MultiMobility nadogradnjom dolazi s ugra\u0111enim komfornim sjedalima koja imaju podesive naslone, rukonaslone s obje strane i troto\u010dkovne sigurnosne pojaseve. Sjedala su dizajnirana kako bi pru\u017eila maksimalnu udobnost i podr\u0161ku tijekom vo\u017enje.<\/p>\n<p>Zvu\u010dna i termi\u010dka izolacija postavljena iza bo\u010dnih i krovnih obloga zna\u010dajno smanjuje buku iz okoline i poma\u017ee u o\u010duvanju temperature unutar vozila, stvaraju\u0107i ugodno okru\u017eenje za putnike.<\/p>\n<p>Za hladnije dane ugradili smo dodatni zra\u010dni grija\u010d, smje\u0161ten u putni\u010dkom prostoru na stra\u017enjem dijelu vozila. Ova komponenta osigurava brzo zagrijavanje prostora, \u010dime se putnicima omogu\u0107ava ugodno putovanje bez obzira na vremenske uvjete vani.<\/p>\n<p>Prilaz vozilu olak\u0161an je instalacijom stepenice, klju\u010dnog dodatka koji omogu\u0107ava sigurniji i lak\u0161i ulazak, posebno za putnike s ograni\u010denom mobilno\u0161\u0107u. Osim toga, za jednostavan ulaz i izlaz putnika u kolicima ugradili smo elektro hidrauli\u010dnu rampu na stra\u017enjim vratima.<\/p>\n<p>Sigurnost unutar vozila dodatno je unaprije\u0111ena postavljanjem rukohvata u sredi\u0161njem dijelu, \u0161to olak\u0161ava kretanje unutar vozila, a posebno je korisno pratnji korisnika u kolicima.<\/p>\n<p>Vozilo je dodatno opremljeno trodijelnom kutijom za pohranu pojaseva i opreme koja osigurava invalidska kolica.[\/vc_column_text][vc_masonry_media_grid element_width=&#8221;6&#8243; grid_id=&#8221;vc_gid:1699537441526-d8afbd23-315f-2&#8243; include=&#8221;3892,3891,3890,3884,3885,3889,3883,3887,3888,3886&#8243;][vc_column_text]Ova MultiMobility nadogradnja je simbol posve\u0107enosti individualiziranim rje\u0161enjima koja su istodobno funkcionalna i stilski uskla\u0111ena s potrebama osoba s invaliditetom.<\/p>\n<p>Za one koji te\u017ee pru\u017eiti vrhunsku uslugu i dostupnost svim putnicima, MultiMobility pru\u017ea pouzdana, pristupa\u010dna i prilago\u0111ena rje\u0161enja. Svako vozilo modificirano je s posebnom pa\u017enjom prema detaljima kako bi se osigurala maksimalna sigurnost, udobnost i funkcionalnost. Ako ste u potrazi za vozilom koje \u0107e odgovarati specifi\u010dnim potrebama va\u0161eg poslovanja ili \u017eivotnog stila, kontaktirajte nas za vi\u0161e informacija i prilagodite svoje vozilo prema va\u0161im individualnim potrebama.<\/p>\n<p>Nazovite nas svaki radni dan od 8 do 16 na <a href=\"tel: 051 618 062\">051 618 062<\/a> (24\/7 na <a href=\"tel:091 212 8282\">091 212 8282<\/a>) ili ispunite kontakt formu.[\/vc_column_text][\/vc_column][\/vc_row][vc_row][vc_column]\n<div class=\"wpcf7 no-js\" id=\"wpcf7-f1576-o1\" lang=\"en-US\" dir=\"ltr\" data-wpcf7-id=\"1576\">\n<div class=\"screen-reader-response\"><p role=\"status\" aria-live=\"polite\" aria-atomic=\"true\"><\/p> <ul><\/ul><\/div>\n<form action=\"\/hr\/wp-json\/wp\/v2\/posts\/3879#wpcf7-f1576-o1\" method=\"post\" class=\"wpcf7-form init\" aria-label=\"Contact form\" novalidate=\"novalidate\" data-status=\"init\">\n<fieldset class=\"hidden-fields-container\"><input type=\"hidden\" name=\"_wpcf7\" value=\"1576\" \/><input type=\"hidden\" name=\"_wpcf7_version\" value=\"6.1.4\" \/><input type=\"hidden\" name=\"_wpcf7_locale\" value=\"en_US\" \/><input type=\"hidden\" name=\"_wpcf7_unit_tag\" value=\"wpcf7-f1576-o1\" \/><input type=\"hidden\" name=\"_wpcf7_container_post\" value=\"0\" \/><input type=\"hidden\" name=\"_wpcf7_posted_data_hash\" value=\"\" \/>\n<\/fieldset>\n<p><label> Ime i prezime (obavezno)<br \/>\n<span class=\"wpcf7-form-control-wrap\" data-name=\"your-name\"><input size=\"40\" maxlength=\"400\" class=\"wpcf7-form-control wpcf7-text wpcf7-validates-as-required\" aria-required=\"true\" aria-invalid=\"false\" value=\"\" type=\"text\" name=\"your-name\" \/><\/span> <\/label>\n<\/p>\n<p><label> Email (obavezno)<br \/>\n<span class=\"wpcf7-form-control-wrap\" data-name=\"your-email\"><input size=\"40\" maxlength=\"400\" class=\"wpcf7-form-control wpcf7-email wpcf7-validates-as-required wpcf7-text wpcf7-validates-as-email\" aria-required=\"true\" aria-invalid=\"false\" value=\"\" type=\"email\" name=\"your-email\" \/><\/span> <\/label>\n<\/p>\n<p><label> Broj telefona<br \/>\n<span class=\"wpcf7-form-control-wrap\" data-name=\"tel-741\"><input size=\"40\" maxlength=\"400\" class=\"wpcf7-form-control wpcf7-tel wpcf7-text wpcf7-validates-as-tel\" aria-invalid=\"false\" value=\"\" type=\"tel\" name=\"tel-741\" \/><\/span><\/label>\n<\/p>\n<p><label> Grad<br \/>\n<span class=\"wpcf7-form-control-wrap\" data-name=\"text-357\"><input size=\"40\" maxlength=\"400\" class=\"wpcf7-form-control wpcf7-text\" aria-invalid=\"false\" value=\"\" type=\"text\" name=\"text-357\" \/><\/span> <\/label>\n<\/p>\n<p><label> Pitanje<br \/>\n<span class=\"wpcf7-form-control-wrap\" data-name=\"your-message\"><textarea cols=\"40\" rows=\"4\" maxlength=\"2000\" class=\"wpcf7-form-control wpcf7-textarea form-control\" aria-invalid=\"false\" name=\"your-message\"><\/textarea><\/span> <\/label>\n<\/p>\n<p><input class=\"wpcf7-form-control wpcf7-submit has-spinner\" type=\"submit\" value=\"\u0160alji\" \/>\n<\/p><div class=\"wpcf7-response-output\" aria-hidden=\"true\"><\/div>\n<\/form>\n<\/div>\n[\/vc_column][\/vc_row]<\/p>\n<\/div>","protected":false},"excerpt":{"rendered":"<p>[vc_row][vc_column][vc_column_text]Volkswagen Crafter ve\u0107 je poznat kao pouzdano vozilo za prijevoz, no s ovom nadogradnjom pretvorili smo ga u pravi izbor za prijevoz osoba s invaliditetom. Nadogradnja dolazi unutar na\u0161eg MultiMobility programa &#8212; usmjerenog svima koji zbog svog invaliditeta imaju pote\u0161ko\u0107e u pristupu i upravljanju vozilima. Svako na\u0161e rje\u0161enje odlikuju vrhunske komponente i svako je specifi\u010dno&hellip;<\/p>\n","protected":false},"author":2,"featured_media":3893,"comment_status":"closed","ping_status":"closed","sticky":false,"template":"","format":"standard","meta":{"footnotes":""},"categories":[18],"tags":[22],"class_list":["post-3879","post","type-post","status-publish","format-standard","has-post-thumbnail","hentry","category-novosti","tag-multimobility","category-18","description-off"],"yoast_head":"<!-- This site is optimized with the Yoast SEO plugin v26.4 - https:\/\/yoast.com\/wordpress\/plugins\/seo\/ -->\n<title>MultiMobility - Specijalizirana nadogradnja vozila za prijevoz osoba s invaliditetom - MultiPartner<\/title>\n<meta name=\"robots\" content=\"index, follow, max-snippet:-1, max-image-preview:large, max-video-preview:-1\" \/>\n<link rel=\"canonical\" href=\"https:\/\/www.multipartner.hr\/hr\/multimobility-specijalizirana-nadogradnja-vozila-za-prijevoz-osoba-s-invaliditetom\/\" \/>\n<meta property=\"og:locale\" content=\"hr_HR\" \/>\n<meta property=\"og:type\" content=\"article\" \/>\n<meta property=\"og:title\" content=\"MultiMobility - Specijalizirana nadogradnja vozila za prijevoz osoba s invaliditetom - MultiPartner\" \/>\n<meta property=\"og:description\" content=\"[vc_row][vc_column][vc_column_text]Volkswagen Crafter ve\u0107 je poznat kao pouzdano vozilo za prijevoz, no s ovom nadogradnjom pretvorili smo ga u pravi izbor za prijevoz osoba s invaliditetom. Nadogradnja dolazi unutar na\u0161eg MultiMobility programa &#8212; usmjerenog svima koji zbog svog invaliditeta imaju pote\u0161ko\u0107e u pristupu i upravljanju vozilima. Svako na\u0161e rje\u0161enje odlikuju vrhunske komponente i svako je specifi\u010dno&hellip;\" \/>\n<meta property=\"og:url\" content=\"https:\/\/www.multipartner.hr\/hr\/multimobility-specijalizirana-nadogradnja-vozila-za-prijevoz-osoba-s-invaliditetom\/\" \/>\n<meta property=\"og:site_name\" content=\"MultiPartner\" \/>\n<meta property=\"article:publisher\" content=\"https:\/\/www.facebook.com\/profile.php?id=100064068909354\" \/>\n<meta property=\"article:published_time\" content=\"2023-11-09T13:45:01+00:00\" \/>\n<meta property=\"article:modified_time\" content=\"2023-11-20T10:35:35+00:00\" \/>\n<meta property=\"og:image\" content=\"https:\/\/www.multipartner.hr\/wp-content\/uploads\/2023\/11\/MultiMobility-Specijalizirana-nadogradnja-vozila-za-prijevoz-osoba-s-invaliditetom.jpg\" \/>\n\t<meta property=\"og:image:width\" content=\"985\" \/>\n\t<meta property=\"og:image:height\" content=\"738\" \/>\n\t<meta property=\"og:image:type\" content=\"image\/jpeg\" \/>\n<meta name=\"author\" content=\"MultiPartner\" \/>\n<meta name=\"twitter:card\" content=\"summary_large_image\" \/>\n<meta name=\"twitter:label1\" content=\"Napisao\/la\" \/>\n\t<meta name=\"twitter:data1\" content=\"MultiPartner\" \/>\n\t<meta name=\"twitter:label2\" content=\"Procijenjeno vrijeme \u010ditanja\" \/>\n\t<meta name=\"twitter:data2\" content=\"3 minute\" \/>\n<script type=\"application\/ld+json\" class=\"yoast-schema-graph\">{\"@context\":\"https:\/\/schema.org\",\"@graph\":[{\"@type\":\"Article\",\"@id\":\"https:\/\/www.multipartner.hr\/multimobility-specijalizirana-nadogradnja-vozila-za-prijevoz-osoba-s-invaliditetom\/#article\",\"isPartOf\":{\"@id\":\"https:\/\/www.multipartner.hr\/multimobility-specijalizirana-nadogradnja-vozila-za-prijevoz-osoba-s-invaliditetom\/\"},\"author\":{\"name\":\"MultiPartner\",\"@id\":\"https:\/\/www.multipartner.hr\/hr\/#\/schema\/person\/51880dcd6e5c785216bbb917ee96bf7d\"},\"headline\":\"MultiMobility &#8211; Specijalizirana nadogradnja vozila za prijevoz osoba s invaliditetom\",\"datePublished\":\"2023-11-09T13:45:01+00:00\",\"dateModified\":\"2023-11-20T10:35:35+00:00\",\"mainEntityOfPage\":{\"@id\":\"https:\/\/www.multipartner.hr\/multimobility-specijalizirana-nadogradnja-vozila-za-prijevoz-osoba-s-invaliditetom\/\"},\"wordCount\":1038,\"publisher\":{\"@id\":\"https:\/\/www.multipartner.hr\/hr\/#organization\"},\"image\":{\"@id\":\"https:\/\/www.multipartner.hr\/multimobility-specijalizirana-nadogradnja-vozila-za-prijevoz-osoba-s-invaliditetom\/#primaryimage\"},\"thumbnailUrl\":\"https:\/\/www.multipartner.hr\/wp-content\/uploads\/2023\/11\/MultiMobility-Specijalizirana-nadogradnja-vozila-za-prijevoz-osoba-s-invaliditetom.jpg\",\"keywords\":[\"multimobility\"],\"articleSection\":[\"Novosti\"],\"inLanguage\":\"hr\"},{\"@type\":\"WebPage\",\"@id\":\"https:\/\/www.multipartner.hr\/hr\/multimobility-specijalizirana-nadogradnja-vozila-za-prijevoz-osoba-s-invaliditetom\/\",\"url\":\"https:\/\/www.multipartner.hr\/hr\/multimobility-specijalizirana-nadogradnja-vozila-za-prijevoz-osoba-s-invaliditetom\/\",\"name\":\"MultiMobility - Specijalizirana nadogradnja vozila za prijevoz osoba s invaliditetom - MultiPartner\",\"isPartOf\":{\"@id\":\"https:\/\/www.multipartner.hr\/hr\/#website\"},\"primaryImageOfPage\":{\"@id\":\"https:\/\/www.multipartner.hr\/hr\/multimobility-specijalizirana-nadogradnja-vozila-za-prijevoz-osoba-s-invaliditetom\/#primaryimage\"},\"image\":{\"@id\":\"https:\/\/www.multipartner.hr\/multimobility-specijalizirana-nadogradnja-vozila-za-prijevoz-osoba-s-invaliditetom\/#primaryimage\"},\"thumbnailUrl\":\"https:\/\/www.multipartner.hr\/wp-content\/uploads\/2023\/11\/MultiMobility-Specijalizirana-nadogradnja-vozila-za-prijevoz-osoba-s-invaliditetom.jpg\",\"datePublished\":\"2023-11-09T13:45:01+00:00\",\"dateModified\":\"2023-11-20T10:35:35+00:00\",\"breadcrumb\":{\"@id\":\"https:\/\/www.multipartner.hr\/hr\/multimobility-specijalizirana-nadogradnja-vozila-za-prijevoz-osoba-s-invaliditetom\/#breadcrumb\"},\"inLanguage\":\"hr\",\"potentialAction\":[{\"@type\":\"ReadAction\",\"target\":[[\"https:\/\/www.multipartner.hr\/hr\/multimobility-specijalizirana-nadogradnja-vozila-za-prijevoz-osoba-s-invaliditetom\/\"]]}]},{\"@type\":\"ImageObject\",\"inLanguage\":\"hr\",\"@id\":\"https:\/\/www.multipartner.hr\/hr\/multimobility-specijalizirana-nadogradnja-vozila-za-prijevoz-osoba-s-invaliditetom\/#primaryimage\",\"url\":\"https:\/\/www.multipartner.hr\/wp-content\/uploads\/2023\/11\/MultiMobility-Specijalizirana-nadogradnja-vozila-za-prijevoz-osoba-s-invaliditetom.jpg\",\"contentUrl\":\"https:\/\/www.multipartner.hr\/wp-content\/uploads\/2023\/11\/MultiMobility-Specijalizirana-nadogradnja-vozila-za-prijevoz-osoba-s-invaliditetom.jpg\",\"width\":985,\"height\":738,\"caption\":\"MultiMobility - Specijalizirana nadogradnja vozila za prijevoz osoba s invaliditetom\"},{\"@type\":\"BreadcrumbList\",\"@id\":\"https:\/\/www.multipartner.hr\/hr\/multimobility-specijalizirana-nadogradnja-vozila-za-prijevoz-osoba-s-invaliditetom\/#breadcrumb\",\"itemListElement\":[{\"@type\":\"ListItem\",\"position\":1,\"name\":\"Home\",\"item\":\"https:\/\/www.multipartner.hr\/hr\/\"},{\"@type\":\"ListItem\",\"position\":2,\"name\":\"MultiMobility &#8211; Specijalizirana nadogradnja vozila za prijevoz osoba s invaliditetom\"}]},{\"@type\":\"WebSite\",\"@id\":\"https:\/\/www.multipartner.hr\/hr\/#website\",\"url\":\"https:\/\/www.multipartner.hr\/hr\/\",\"name\":\"MultiPartner\",\"description\":\"Nadogradnje vozila\",\"publisher\":{\"@id\":\"https:\/\/www.multipartner.hr\/hr\/#organization\"},\"potentialAction\":[{\"@type\":\"SearchAction\",\"target\":{\"@type\":\"EntryPoint\",\"urlTemplate\":\"https:\/\/www.multipartner.hr\/hr\/?s={search_term_string}\"},\"query-input\":{\"@type\":\"PropertyValueSpecification\",\"valueRequired\":true,\"valueName\":\"search_term_string\"}}],\"inLanguage\":\"hr\"},{\"@type\":\"Organization\",\"@id\":\"https:\/\/www.multipartner.hr\/hr\/#organization\",\"name\":\"MultiPartner\",\"url\":\"https:\/\/www.multipartner.hr\/hr\/\",\"logo\":{\"@type\":\"ImageObject\",\"inLanguage\":\"hr\",\"@id\":\"https:\/\/www.multipartner.hr\/hr\/#\/schema\/logo\/image\/\",\"url\":\"https:\/\/www.multipartner.hr\/wp-content\/uploads\/2017\/11\/multipartner-logotip.png\",\"contentUrl\":\"https:\/\/www.multipartner.hr\/wp-content\/uploads\/2017\/11\/multipartner-logotip.png\",\"width\":186,\"height\":40,\"caption\":\"MultiPartner\"},\"image\":{\"@id\":\"https:\/\/www.multipartner.hr\/hr\/#\/schema\/logo\/image\/\"},\"sameAs\":[\"https:\/\/www.facebook.com\/profile.php?id=100064068909354\"]},{\"@type\":\"Person\",\"@id\":\"https:\/\/www.multipartner.hr\/hr\/#\/schema\/person\/51880dcd6e5c785216bbb917ee96bf7d\",\"name\":\"MultiPartner\",\"image\":{\"@type\":\"ImageObject\",\"inLanguage\":\"hr\",\"@id\":\"https:\/\/www.multipartner.hr\/hr\/#\/schema\/person\/image\/\",\"url\":\"https:\/\/secure.gravatar.com\/avatar\/dd9d3cc73644597392ec9fb1ec3275f7103d1043f7b34e8cc45b7559dba6158b?s=96&d=mm&r=g\",\"contentUrl\":\"https:\/\/secure.gravatar.com\/avatar\/dd9d3cc73644597392ec9fb1ec3275f7103d1043f7b34e8cc45b7559dba6158b?s=96&d=mm&r=g\",\"caption\":\"MultiPartner\"},\"url\":\"https:\/\/www.multipartner.hr\/hr\/author\/m_partner2019\/\"}]}<\/script>\n<!-- \/ Yoast SEO plugin. -->","yoast_head_json":{"title":"MultiMobility - Specijalizirana nadogradnja vozila za prijevoz osoba s invaliditetom - MultiPartner","robots":{"index":"index","follow":"follow","max-snippet":"max-snippet:-1","max-image-preview":"max-image-preview:large","max-video-preview":"max-video-preview:-1"},"canonical":"https:\/\/www.multipartner.hr\/hr\/multimobility-specijalizirana-nadogradnja-vozila-za-prijevoz-osoba-s-invaliditetom\/","og_locale":"hr_HR","og_type":"article","og_title":"MultiMobility - Specijalizirana nadogradnja vozila za prijevoz osoba s invaliditetom - MultiPartner","og_description":"[vc_row][vc_column][vc_column_text]Volkswagen Crafter ve\u0107 je poznat kao pouzdano vozilo za prijevoz, no s ovom nadogradnjom pretvorili smo ga u pravi izbor za prijevoz osoba s invaliditetom. Nadogradnja dolazi unutar na\u0161eg MultiMobility programa &#8212; usmjerenog svima koji zbog svog invaliditeta imaju pote\u0161ko\u0107e u pristupu i upravljanju vozilima. Svako na\u0161e rje\u0161enje odlikuju vrhunske komponente i svako je specifi\u010dno&hellip;","og_url":"https:\/\/www.multipartner.hr\/hr\/multimobility-specijalizirana-nadogradnja-vozila-za-prijevoz-osoba-s-invaliditetom\/","og_site_name":"MultiPartner","article_publisher":"https:\/\/www.facebook.com\/profile.php?id=100064068909354","article_published_time":"2023-11-09T13:45:01+00:00","article_modified_time":"2023-11-20T10:35:35+00:00","og_image":[{"width":985,"height":738,"url":"https:\/\/www.multipartner.hr\/wp-content\/uploads\/2023\/11\/MultiMobility-Specijalizirana-nadogradnja-vozila-za-prijevoz-osoba-s-invaliditetom.jpg","type":"image\/jpeg"}],"author":"MultiPartner","twitter_card":"summary_large_image","twitter_misc":{"Napisao\/la":"MultiPartner","Procijenjeno vrijeme \u010ditanja":"3 minute"},"schema":{"@context":"https:\/\/schema.org","@graph":[{"@type":"Article","@id":"https:\/\/www.multipartner.hr\/multimobility-specijalizirana-nadogradnja-vozila-za-prijevoz-osoba-s-invaliditetom\/#article","isPartOf":{"@id":"https:\/\/www.multipartner.hr\/multimobility-specijalizirana-nadogradnja-vozila-za-prijevoz-osoba-s-invaliditetom\/"},"author":{"name":"MultiPartner","@id":"https:\/\/www.multipartner.hr\/hr\/#\/schema\/person\/51880dcd6e5c785216bbb917ee96bf7d"},"headline":"MultiMobility &#8211; Specijalizirana nadogradnja vozila za prijevoz osoba s invaliditetom","datePublished":"2023-11-09T13:45:01+00:00","dateModified":"2023-11-20T10:35:35+00:00","mainEntityOfPage":{"@id":"https:\/\/www.multipartner.hr\/multimobility-specijalizirana-nadogradnja-vozila-za-prijevoz-osoba-s-invaliditetom\/"},"wordCount":1038,"publisher":{"@id":"https:\/\/www.multipartner.hr\/hr\/#organization"},"image":{"@id":"https:\/\/www.multipartner.hr\/multimobility-specijalizirana-nadogradnja-vozila-za-prijevoz-osoba-s-invaliditetom\/#primaryimage"},"thumbnailUrl":"https:\/\/www.multipartner.hr\/wp-content\/uploads\/2023\/11\/MultiMobility-Specijalizirana-nadogradnja-vozila-za-prijevoz-osoba-s-invaliditetom.jpg","keywords":["multimobility"],"articleSection":["Novosti"],"inLanguage":"hr"},{"@type":"WebPage","@id":"https:\/\/www.multipartner.hr\/hr\/multimobility-specijalizirana-nadogradnja-vozila-za-prijevoz-osoba-s-invaliditetom\/","url":"https:\/\/www.multipartner.hr\/hr\/multimobility-specijalizirana-nadogradnja-vozila-za-prijevoz-osoba-s-invaliditetom\/","name":"MultiMobility - Specijalizirana nadogradnja vozila za prijevoz osoba s invaliditetom - MultiPartner","isPartOf":{"@id":"https:\/\/www.multipartner.hr\/hr\/#website"},"primaryImageOfPage":{"@id":"https:\/\/www.multipartner.hr\/hr\/multimobility-specijalizirana-nadogradnja-vozila-za-prijevoz-osoba-s-invaliditetom\/#primaryimage"},"image":{"@id":"https:\/\/www.multipartner.hr\/multimobility-specijalizirana-nadogradnja-vozila-za-prijevoz-osoba-s-invaliditetom\/#primaryimage"},"thumbnailUrl":"https:\/\/www.multipartner.hr\/wp-content\/uploads\/2023\/11\/MultiMobility-Specijalizirana-nadogradnja-vozila-za-prijevoz-osoba-s-invaliditetom.jpg","datePublished":"2023-11-09T13:45:01+00:00","dateModified":"2023-11-20T10:35:35+00:00","breadcrumb":{"@id":"https:\/\/www.multipartner.hr\/hr\/multimobility-specijalizirana-nadogradnja-vozila-za-prijevoz-osoba-s-invaliditetom\/#breadcrumb"},"inLanguage":"hr","potentialAction":[{"@type":"ReadAction","target":[["https:\/\/www.multipartner.hr\/hr\/multimobility-specijalizirana-nadogradnja-vozila-za-prijevoz-osoba-s-invaliditetom\/"]]}]},{"@type":"ImageObject","inLanguage":"hr","@id":"https:\/\/www.multipartner.hr\/hr\/multimobility-specijalizirana-nadogradnja-vozila-za-prijevoz-osoba-s-invaliditetom\/#primaryimage","url":"https:\/\/www.multipartner.hr\/wp-content\/uploads\/2023\/11\/MultiMobility-Specijalizirana-nadogradnja-vozila-za-prijevoz-osoba-s-invaliditetom.jpg","contentUrl":"https:\/\/www.multipartner.hr\/wp-content\/uploads\/2023\/11\/MultiMobility-Specijalizirana-nadogradnja-vozila-za-prijevoz-osoba-s-invaliditetom.jpg","width":985,"height":738,"caption":"MultiMobility - Specijalizirana nadogradnja vozila za prijevoz osoba s invaliditetom"},{"@type":"BreadcrumbList","@id":"https:\/\/www.multipartner.hr\/hr\/multimobility-specijalizirana-nadogradnja-vozila-za-prijevoz-osoba-s-invaliditetom\/#breadcrumb","itemListElement":[{"@type":"ListItem","position":1,"name":"Home","item":"https:\/\/www.multipartner.hr\/hr\/"},{"@type":"ListItem","position":2,"name":"MultiMobility &#8211; Specijalizirana nadogradnja vozila za prijevoz osoba s invaliditetom"}]},{"@type":"WebSite","@id":"https:\/\/www.multipartner.hr\/hr\/#website","url":"https:\/\/www.multipartner.hr\/hr\/","name":"MultiPartner","description":"Nadogradnje vozila","publisher":{"@id":"https:\/\/www.multipartner.hr\/hr\/#organization"},"potentialAction":[{"@type":"SearchAction","target":{"@type":"EntryPoint","urlTemplate":"https:\/\/www.multipartner.hr\/hr\/?s={search_term_string}"},"query-input":{"@type":"PropertyValueSpecification","valueRequired":true,"valueName":"search_term_string"}}],"inLanguage":"hr"},{"@type":"Organization","@id":"https:\/\/www.multipartner.hr\/hr\/#organization","name":"MultiPartner","url":"https:\/\/www.multipartner.hr\/hr\/","logo":{"@type":"ImageObject","inLanguage":"hr","@id":"https:\/\/www.multipartner.hr\/hr\/#\/schema\/logo\/image\/","url":"https:\/\/www.multipartner.hr\/wp-content\/uploads\/2017\/11\/multipartner-logotip.png","contentUrl":"https:\/\/www.multipartner.hr\/wp-content\/uploads\/2017\/11\/multipartner-logotip.png","width":186,"height":40,"caption":"MultiPartner"},"image":{"@id":"https:\/\/www.multipartner.hr\/hr\/#\/schema\/logo\/image\/"},"sameAs":["https:\/\/www.facebook.com\/profile.php?id=100064068909354"]},{"@type":"Person","@id":"https:\/\/www.multipartner.hr\/hr\/#\/schema\/person\/51880dcd6e5c785216bbb917ee96bf7d","name":"MultiPartner","image":{"@type":"ImageObject","inLanguage":"hr","@id":"https:\/\/www.multipartner.hr\/hr\/#\/schema\/person\/image\/","url":"https:\/\/secure.gravatar.com\/avatar\/dd9d3cc73644597392ec9fb1ec3275f7103d1043f7b34e8cc45b7559dba6158b?s=96&d=mm&r=g","contentUrl":"https:\/\/secure.gravatar.com\/avatar\/dd9d3cc73644597392ec9fb1ec3275f7103d1043f7b34e8cc45b7559dba6158b?s=96&d=mm&r=g","caption":"MultiPartner"},"url":"https:\/\/www.multipartner.hr\/hr\/author\/m_partner2019\/"}]}},"_links":{"self":[{"href":"https:\/\/www.multipartner.hr\/hr\/wp-json\/wp\/v2\/posts\/3879","targetHints":{"allow":["GET"]}}],"collection":[{"href":"https:\/\/www.multipartner.hr\/hr\/wp-json\/wp\/v2\/posts"}],"about":[{"href":"https:\/\/www.multipartner.hr\/hr\/wp-json\/wp\/v2\/types\/post"}],"author":[{"embeddable":true,"href":"https:\/\/www.multipartner.hr\/hr\/wp-json\/wp\/v2\/users\/2"}],"replies":[{"embeddable":true,"href":"https:\/\/www.multipartner.hr\/hr\/wp-json\/wp\/v2\/comments?post=3879"}],"version-history":[{"count":9,"href":"https:\/\/www.multipartner.hr\/hr\/wp-json\/wp\/v2\/posts\/3879\/revisions"}],"predecessor-version":[{"id":3899,"href":"https:\/\/www.multipartner.hr\/hr\/wp-json\/wp\/v2\/posts\/3879\/revisions\/3899"}],"wp:featuredmedia":[{"embeddable":true,"href":"https:\/\/www.multipartner.hr\/hr\/wp-json\/wp\/v2\/media\/3893"}],"wp:attachment":[{"href":"https:\/\/www.multipartner.hr\/hr\/wp-json\/wp\/v2\/media?parent=3879"}],"wp:term":[{"taxonomy":"category","embeddable":true,"href":"https:\/\/www.multipartner.hr\/hr\/wp-json\/wp\/v2\/categories?post=3879"},{"taxonomy":"post_tag","embeddable":true,"href":"https:\/\/www.multipartner.hr\/hr\/wp-json\/wp\/v2\/tags?post=3879"}],"curies":[{"name":"wp","href":"https:\/\/api.w.org\/{rel}","templated":true}]}}