{"id":294,"date":"2017-06-05T01:24:35","date_gmt":"2017-06-05T01:24:35","guid":{"rendered":"http:\/\/the7.io\/construction\/?p=294"},"modified":"2017-12-06T13:39:53","modified_gmt":"2017-12-06T13:39:53","slug":"volkswagen-caddy-za-prijevoz-osoba-s-invaliditetom","status":"publish","type":"post","link":"https:\/\/www.multipartner.hr\/hr\/volkswagen-caddy-za-prijevoz-osoba-s-invaliditetom\/","title":{"rendered":"Volkswagen Caddy za prijevoz osoba s invaliditetom"},"content":{"rendered":"<div class=\"wpb-content-wrapper\"><p>[vc_row][vc_column][vc_column_text]Segment vozila u kojem se nalazi Volkswagen Caddy predstavlja idealnu platformu za preradu u vozilo za prijevoz osobe u invalidskim kolicima.<br \/>\nU na\u0161em pogonu dovr\u0161ena je jedna takva nadogradnja na novom vozilu VW Caddy.<\/p>\n<p>Neke od karakteristika nadogradnje su:<\/p>\n<ul>\n<li>Podnica vozila spu\u0161tena po kompletnoj du\u017eini<\/li>\n<li>Udaljenost izme\u0111u podnice i krova vozila iznosi 143 &#8211; 145 cm<\/li>\n<li>Nagib spu\u0161tene rampe je 12<sup>o<\/sup><\/li>\n<li>Obojena aluminijska sklopiva rampa<\/li>\n<li>Protuklizna periva podloga na rampi i podnici<\/li>\n<li>Sklopivi sustav za fiksaciju invalidskih kolica u vozilu<\/li>\n<\/ul>\n<p>Dio nadogradnje uklju\u010duje uklanjanje podnice baznog vozila te zamjena podnicom koja umogu\u0107ava ugradnju rampe i dodatne potrebne opreme. Podnica je spu\u0161tena na novu razinu da bi se omogu\u0107io manji kut rampe i olak\u0161an ulaz te tako\u0111er da bi se dobilo na visini prostora u kojem se prevozi osoba u invalidskim kolicima.<br \/>\nSpu\u0161tanjem podnice tako\u0111er dolazi do promjene polo\u017eaja spremnika za gorivo s time stari spremnik vi\u0161e ne odgovara vozilu te se izra\u0111uje novi.<\/p>\n<p>Originalni zadnji branik vozila ne zadovoljava potrebe radnog prostora zgloba pokretne rampe, te zahtjeva preradu u kojem se dio branika ugra\u0111uje ispod zadnjih vrata vozila te se giba s njima. Nakon prerade branik je podijeljen u tri djela koja se skladno poklapaju nakon zatvaranja zadnjih vrata.<\/p>\n<p>Ovom nadogradnjom vozilo ostaje multifunkcionalno.<br \/>\nNova podnica s rampom u sklopljenom polo\u017eaju omogu\u0107ava nesmetan prijevoz tereta,[\/vc_column_text][\/vc_column][\/vc_row][vc_row][vc_column][vc_empty_space][vc_column_text]<\/p>\n<h4>Galerija:<\/h4>\n<p>[\/vc_column_text][vc_masonry_media_grid element_width=&#8221;3&#8243; item=&#8221;masonryMedia_BorderedScale&#8221; grid_id=&#8221;vc_gid:1512559705766-c51d8b3b-3b2d-8&#8243; include=&#8221;1274,1275,1276,1277,1278,1279,1280,1281&#8243;][\/vc_column][\/vc_row]<\/p>\n<\/div>","protected":false},"excerpt":{"rendered":"<p>Vozilo je prera\u0111eno u svrhu prijevoza osobe u invalidskim kolicima i jo\u0161 dodatna 2-3* putnika ili 5* putnika bez osobe u invalidskim kolicima. *voza\u010d uklju\u010den<\/p>\n","protected":false},"author":1,"featured_media":1027,"comment_status":"closed","ping_status":"closed","sticky":false,"template":"","format":"standard","meta":{"footnotes":""},"categories":[18],"tags":[7,9,10,13,15],"class_list":["post-294","post","type-post","status-publish","format-standard","has-post-thumbnail","hentry","category-novosti","tag-build","tag-construction","tag-finance","tag-property","tag-world","category-18","description-off"],"yoast_head":"<!-- This site is optimized with the Yoast SEO plugin v26.4 - https:\/\/yoast.com\/wordpress\/plugins\/seo\/ -->\n<title>Volkswagen Caddy za prijevoz osoba s invaliditetom - MultiPartner<\/title>\n<meta name=\"robots\" content=\"index, follow, max-snippet:-1, max-image-preview:large, max-video-preview:-1\" \/>\n<link rel=\"canonical\" href=\"https:\/\/www.multipartner.hr\/hr\/volkswagen-caddy-za-prijevoz-osoba-s-invaliditetom\/\" \/>\n<meta property=\"og:locale\" content=\"hr_HR\" \/>\n<meta property=\"og:type\" content=\"article\" \/>\n<meta property=\"og:title\" content=\"Volkswagen Caddy za prijevoz osoba s invaliditetom - MultiPartner\" \/>\n<meta property=\"og:description\" content=\"Vozilo je prera\u0111eno u svrhu prijevoza osobe u invalidskim kolicima i jo\u0161 dodatna 2-3* putnika ili 5* putnika bez osobe u invalidskim kolicima. *voza\u010d uklju\u010den\" \/>\n<meta property=\"og:url\" content=\"https:\/\/www.multipartner.hr\/hr\/volkswagen-caddy-za-prijevoz-osoba-s-invaliditetom\/\" \/>\n<meta property=\"og:site_name\" content=\"MultiPartner\" \/>\n<meta property=\"article:publisher\" content=\"https:\/\/www.facebook.com\/profile.php?id=100064068909354\" \/>\n<meta property=\"article:published_time\" content=\"2017-06-05T01:24:35+00:00\" \/>\n<meta property=\"article:modified_time\" content=\"2017-12-06T13:39:53+00:00\" \/>\n<meta property=\"og:image\" content=\"https:\/\/www.multipartner.hr\/wp-content\/uploads\/2016\/04\/Volkswagen-Caddy-za-prijevoz-osoba-s-invaliditetom.jpg\" \/>\n\t<meta property=\"og:image:width\" content=\"795\" \/>\n\t<meta property=\"og:image:height\" content=\"599\" \/>\n\t<meta property=\"og:image:type\" content=\"image\/jpeg\" \/>\n<meta name=\"author\" content=\"webpoint-mp\" \/>\n<meta name=\"twitter:card\" content=\"summary_large_image\" \/>\n<meta name=\"twitter:label1\" content=\"Napisao\/la\" \/>\n\t<meta name=\"twitter:data1\" content=\"webpoint-mp\" \/>\n\t<meta name=\"twitter:label2\" content=\"Procijenjeno vrijeme \u010ditanja\" \/>\n\t<meta name=\"twitter:data2\" content=\"1 minuta\" \/>\n<script type=\"application\/ld+json\" class=\"yoast-schema-graph\">{\"@context\":\"https:\/\/schema.org\",\"@graph\":[{\"@type\":\"Article\",\"@id\":\"https:\/\/www.multipartner.hr\/hr\/volkswagen-caddy-za-prijevoz-osoba-s-invaliditetom\/#article\",\"isPartOf\":{\"@id\":\"https:\/\/www.multipartner.hr\/hr\/volkswagen-caddy-za-prijevoz-osoba-s-invaliditetom\/\"},\"author\":{\"name\":\"webpoint-mp\",\"@id\":\"https:\/\/www.multipartner.hr\/hr\/#\/schema\/person\/de49b3a2548f7fef0fe597082267aff3\"},\"headline\":\"Volkswagen Caddy za prijevoz osoba s invaliditetom\",\"datePublished\":\"2017-06-05T01:24:35+00:00\",\"dateModified\":\"2017-12-06T13:39:53+00:00\",\"mainEntityOfPage\":{\"@id\":\"https:\/\/www.multipartner.hr\/hr\/volkswagen-caddy-za-prijevoz-osoba-s-invaliditetom\/\"},\"wordCount\":292,\"publisher\":{\"@id\":\"https:\/\/www.multipartner.hr\/hr\/#organization\"},\"image\":{\"@id\":\"https:\/\/www.multipartner.hr\/hr\/volkswagen-caddy-za-prijevoz-osoba-s-invaliditetom\/#primaryimage\"},\"thumbnailUrl\":\"https:\/\/www.multipartner.hr\/wp-content\/uploads\/2016\/04\/Volkswagen-Caddy-za-prijevoz-osoba-s-invaliditetom.jpg\",\"keywords\":[\"build\",\"construction\",\"finance\",\"property\",\"world\"],\"articleSection\":[\"Novosti\"],\"inLanguage\":\"hr\"},{\"@type\":\"WebPage\",\"@id\":\"https:\/\/www.multipartner.hr\/hr\/volkswagen-caddy-za-prijevoz-osoba-s-invaliditetom\/\",\"url\":\"https:\/\/www.multipartner.hr\/hr\/volkswagen-caddy-za-prijevoz-osoba-s-invaliditetom\/\",\"name\":\"Volkswagen Caddy za prijevoz osoba s invaliditetom - MultiPartner\",\"isPartOf\":{\"@id\":\"https:\/\/www.multipartner.hr\/hr\/#website\"},\"primaryImageOfPage\":{\"@id\":\"https:\/\/www.multipartner.hr\/hr\/volkswagen-caddy-za-prijevoz-osoba-s-invaliditetom\/#primaryimage\"},\"image\":{\"@id\":\"https:\/\/www.multipartner.hr\/hr\/volkswagen-caddy-za-prijevoz-osoba-s-invaliditetom\/#primaryimage\"},\"thumbnailUrl\":\"https:\/\/www.multipartner.hr\/wp-content\/uploads\/2016\/04\/Volkswagen-Caddy-za-prijevoz-osoba-s-invaliditetom.jpg\",\"datePublished\":\"2017-06-05T01:24:35+00:00\",\"dateModified\":\"2017-12-06T13:39:53+00:00\",\"breadcrumb\":{\"@id\":\"https:\/\/www.multipartner.hr\/hr\/volkswagen-caddy-za-prijevoz-osoba-s-invaliditetom\/#breadcrumb\"},\"inLanguage\":\"hr\",\"potentialAction\":[{\"@type\":\"ReadAction\",\"target\":[[\"https:\/\/www.multipartner.hr\/hr\/volkswagen-caddy-za-prijevoz-osoba-s-invaliditetom\/\"]]}]},{\"@type\":\"ImageObject\",\"inLanguage\":\"hr\",\"@id\":\"https:\/\/www.multipartner.hr\/hr\/volkswagen-caddy-za-prijevoz-osoba-s-invaliditetom\/#primaryimage\",\"url\":\"https:\/\/www.multipartner.hr\/wp-content\/uploads\/2016\/04\/Volkswagen-Caddy-za-prijevoz-osoba-s-invaliditetom.jpg\",\"contentUrl\":\"https:\/\/www.multipartner.hr\/wp-content\/uploads\/2016\/04\/Volkswagen-Caddy-za-prijevoz-osoba-s-invaliditetom.jpg\",\"width\":795,\"height\":599,\"caption\":\"prilagodba vozila za osobe s invaliditetom\"},{\"@type\":\"BreadcrumbList\",\"@id\":\"https:\/\/www.multipartner.hr\/hr\/volkswagen-caddy-za-prijevoz-osoba-s-invaliditetom\/#breadcrumb\",\"itemListElement\":[{\"@type\":\"ListItem\",\"position\":1,\"name\":\"Home\",\"item\":\"https:\/\/www.multipartner.hr\/hr\/\"},{\"@type\":\"ListItem\",\"position\":2,\"name\":\"Volkswagen Caddy za prijevoz osoba s invaliditetom\"}]},{\"@type\":\"WebSite\",\"@id\":\"https:\/\/www.multipartner.hr\/hr\/#website\",\"url\":\"https:\/\/www.multipartner.hr\/hr\/\",\"name\":\"MultiPartner\",\"description\":\"Nadogradnje vozila\",\"publisher\":{\"@id\":\"https:\/\/www.multipartner.hr\/hr\/#organization\"},\"potentialAction\":[{\"@type\":\"SearchAction\",\"target\":{\"@type\":\"EntryPoint\",\"urlTemplate\":\"https:\/\/www.multipartner.hr\/hr\/?s={search_term_string}\"},\"query-input\":{\"@type\":\"PropertyValueSpecification\",\"valueRequired\":true,\"valueName\":\"search_term_string\"}}],\"inLanguage\":\"hr\"},{\"@type\":\"Organization\",\"@id\":\"https:\/\/www.multipartner.hr\/hr\/#organization\",\"name\":\"MultiPartner\",\"url\":\"https:\/\/www.multipartner.hr\/hr\/\",\"logo\":{\"@type\":\"ImageObject\",\"inLanguage\":\"hr\",\"@id\":\"https:\/\/www.multipartner.hr\/hr\/#\/schema\/logo\/image\/\",\"url\":\"https:\/\/www.multipartner.hr\/wp-content\/uploads\/2017\/11\/multipartner-logotip.png\",\"contentUrl\":\"https:\/\/www.multipartner.hr\/wp-content\/uploads\/2017\/11\/multipartner-logotip.png\",\"width\":186,\"height\":40,\"caption\":\"MultiPartner\"},\"image\":{\"@id\":\"https:\/\/www.multipartner.hr\/hr\/#\/schema\/logo\/image\/\"},\"sameAs\":[\"https:\/\/www.facebook.com\/profile.php?id=100064068909354\"]},{\"@type\":\"Person\",\"@id\":\"https:\/\/www.multipartner.hr\/hr\/#\/schema\/person\/de49b3a2548f7fef0fe597082267aff3\",\"name\":\"webpoint-mp\",\"image\":{\"@type\":\"ImageObject\",\"inLanguage\":\"hr\",\"@id\":\"https:\/\/www.multipartner.hr\/hr\/#\/schema\/person\/image\/\",\"url\":\"https:\/\/secure.gravatar.com\/avatar\/2b25aa520c8571b985e2297d1dfe29869edd6d3519d5857872a90105688d63a0?s=96&d=mm&r=g\",\"contentUrl\":\"https:\/\/secure.gravatar.com\/avatar\/2b25aa520c8571b985e2297d1dfe29869edd6d3519d5857872a90105688d63a0?s=96&d=mm&r=g\",\"caption\":\"webpoint-mp\"},\"url\":\"https:\/\/www.multipartner.hr\/hr\/author\/webpoint-mp\/\"}]}<\/script>\n<!-- \/ Yoast SEO plugin. -->","yoast_head_json":{"title":"Volkswagen Caddy za prijevoz osoba s invaliditetom - MultiPartner","robots":{"index":"index","follow":"follow","max-snippet":"max-snippet:-1","max-image-preview":"max-image-preview:large","max-video-preview":"max-video-preview:-1"},"canonical":"https:\/\/www.multipartner.hr\/hr\/volkswagen-caddy-za-prijevoz-osoba-s-invaliditetom\/","og_locale":"hr_HR","og_type":"article","og_title":"Volkswagen Caddy za prijevoz osoba s invaliditetom - MultiPartner","og_description":"Vozilo je prera\u0111eno u svrhu prijevoza osobe u invalidskim kolicima i jo\u0161 dodatna 2-3* putnika ili 5* putnika bez osobe u invalidskim kolicima. *voza\u010d uklju\u010den","og_url":"https:\/\/www.multipartner.hr\/hr\/volkswagen-caddy-za-prijevoz-osoba-s-invaliditetom\/","og_site_name":"MultiPartner","article_publisher":"https:\/\/www.facebook.com\/profile.php?id=100064068909354","article_published_time":"2017-06-05T01:24:35+00:00","article_modified_time":"2017-12-06T13:39:53+00:00","og_image":[{"width":795,"height":599,"url":"https:\/\/www.multipartner.hr\/wp-content\/uploads\/2016\/04\/Volkswagen-Caddy-za-prijevoz-osoba-s-invaliditetom.jpg","type":"image\/jpeg"}],"author":"webpoint-mp","twitter_card":"summary_large_image","twitter_misc":{"Napisao\/la":"webpoint-mp","Procijenjeno vrijeme \u010ditanja":"1 minuta"},"schema":{"@context":"https:\/\/schema.org","@graph":[{"@type":"Article","@id":"https:\/\/www.multipartner.hr\/hr\/volkswagen-caddy-za-prijevoz-osoba-s-invaliditetom\/#article","isPartOf":{"@id":"https:\/\/www.multipartner.hr\/hr\/volkswagen-caddy-za-prijevoz-osoba-s-invaliditetom\/"},"author":{"name":"webpoint-mp","@id":"https:\/\/www.multipartner.hr\/hr\/#\/schema\/person\/de49b3a2548f7fef0fe597082267aff3"},"headline":"Volkswagen Caddy za prijevoz osoba s invaliditetom","datePublished":"2017-06-05T01:24:35+00:00","dateModified":"2017-12-06T13:39:53+00:00","mainEntityOfPage":{"@id":"https:\/\/www.multipartner.hr\/hr\/volkswagen-caddy-za-prijevoz-osoba-s-invaliditetom\/"},"wordCount":292,"publisher":{"@id":"https:\/\/www.multipartner.hr\/hr\/#organization"},"image":{"@id":"https:\/\/www.multipartner.hr\/hr\/volkswagen-caddy-za-prijevoz-osoba-s-invaliditetom\/#primaryimage"},"thumbnailUrl":"https:\/\/www.multipartner.hr\/wp-content\/uploads\/2016\/04\/Volkswagen-Caddy-za-prijevoz-osoba-s-invaliditetom.jpg","keywords":["build","construction","finance","property","world"],"articleSection":["Novosti"],"inLanguage":"hr"},{"@type":"WebPage","@id":"https:\/\/www.multipartner.hr\/hr\/volkswagen-caddy-za-prijevoz-osoba-s-invaliditetom\/","url":"https:\/\/www.multipartner.hr\/hr\/volkswagen-caddy-za-prijevoz-osoba-s-invaliditetom\/","name":"Volkswagen Caddy za prijevoz osoba s invaliditetom - MultiPartner","isPartOf":{"@id":"https:\/\/www.multipartner.hr\/hr\/#website"},"primaryImageOfPage":{"@id":"https:\/\/www.multipartner.hr\/hr\/volkswagen-caddy-za-prijevoz-osoba-s-invaliditetom\/#primaryimage"},"image":{"@id":"https:\/\/www.multipartner.hr\/hr\/volkswagen-caddy-za-prijevoz-osoba-s-invaliditetom\/#primaryimage"},"thumbnailUrl":"https:\/\/www.multipartner.hr\/wp-content\/uploads\/2016\/04\/Volkswagen-Caddy-za-prijevoz-osoba-s-invaliditetom.jpg","datePublished":"2017-06-05T01:24:35+00:00","dateModified":"2017-12-06T13:39:53+00:00","breadcrumb":{"@id":"https:\/\/www.multipartner.hr\/hr\/volkswagen-caddy-za-prijevoz-osoba-s-invaliditetom\/#breadcrumb"},"inLanguage":"hr","potentialAction":[{"@type":"ReadAction","target":[["https:\/\/www.multipartner.hr\/hr\/volkswagen-caddy-za-prijevoz-osoba-s-invaliditetom\/"]]}]},{"@type":"ImageObject","inLanguage":"hr","@id":"https:\/\/www.multipartner.hr\/hr\/volkswagen-caddy-za-prijevoz-osoba-s-invaliditetom\/#primaryimage","url":"https:\/\/www.multipartner.hr\/wp-content\/uploads\/2016\/04\/Volkswagen-Caddy-za-prijevoz-osoba-s-invaliditetom.jpg","contentUrl":"https:\/\/www.multipartner.hr\/wp-content\/uploads\/2016\/04\/Volkswagen-Caddy-za-prijevoz-osoba-s-invaliditetom.jpg","width":795,"height":599,"caption":"prilagodba vozila za osobe s invaliditetom"},{"@type":"BreadcrumbList","@id":"https:\/\/www.multipartner.hr\/hr\/volkswagen-caddy-za-prijevoz-osoba-s-invaliditetom\/#breadcrumb","itemListElement":[{"@type":"ListItem","position":1,"name":"Home","item":"https:\/\/www.multipartner.hr\/hr\/"},{"@type":"ListItem","position":2,"name":"Volkswagen Caddy za prijevoz osoba s invaliditetom"}]},{"@type":"WebSite","@id":"https:\/\/www.multipartner.hr\/hr\/#website","url":"https:\/\/www.multipartner.hr\/hr\/","name":"MultiPartner","description":"Nadogradnje vozila","publisher":{"@id":"https:\/\/www.multipartner.hr\/hr\/#organization"},"potentialAction":[{"@type":"SearchAction","target":{"@type":"EntryPoint","urlTemplate":"https:\/\/www.multipartner.hr\/hr\/?s={search_term_string}"},"query-input":{"@type":"PropertyValueSpecification","valueRequired":true,"valueName":"search_term_string"}}],"inLanguage":"hr"},{"@type":"Organization","@id":"https:\/\/www.multipartner.hr\/hr\/#organization","name":"MultiPartner","url":"https:\/\/www.multipartner.hr\/hr\/","logo":{"@type":"ImageObject","inLanguage":"hr","@id":"https:\/\/www.multipartner.hr\/hr\/#\/schema\/logo\/image\/","url":"https:\/\/www.multipartner.hr\/wp-content\/uploads\/2017\/11\/multipartner-logotip.png","contentUrl":"https:\/\/www.multipartner.hr\/wp-content\/uploads\/2017\/11\/multipartner-logotip.png","width":186,"height":40,"caption":"MultiPartner"},"image":{"@id":"https:\/\/www.multipartner.hr\/hr\/#\/schema\/logo\/image\/"},"sameAs":["https:\/\/www.facebook.com\/profile.php?id=100064068909354"]},{"@type":"Person","@id":"https:\/\/www.multipartner.hr\/hr\/#\/schema\/person\/de49b3a2548f7fef0fe597082267aff3","name":"webpoint-mp","image":{"@type":"ImageObject","inLanguage":"hr","@id":"https:\/\/www.multipartner.hr\/hr\/#\/schema\/person\/image\/","url":"https:\/\/secure.gravatar.com\/avatar\/2b25aa520c8571b985e2297d1dfe29869edd6d3519d5857872a90105688d63a0?s=96&d=mm&r=g","contentUrl":"https:\/\/secure.gravatar.com\/avatar\/2b25aa520c8571b985e2297d1dfe29869edd6d3519d5857872a90105688d63a0?s=96&d=mm&r=g","caption":"webpoint-mp"},"url":"https:\/\/www.multipartner.hr\/hr\/author\/webpoint-mp\/"}]}},"_links":{"self":[{"href":"https:\/\/www.multipartner.hr\/hr\/wp-json\/wp\/v2\/posts\/294","targetHints":{"allow":["GET"]}}],"collection":[{"href":"https:\/\/www.multipartner.hr\/hr\/wp-json\/wp\/v2\/posts"}],"about":[{"href":"https:\/\/www.multipartner.hr\/hr\/wp-json\/wp\/v2\/types\/post"}],"author":[{"embeddable":true,"href":"https:\/\/www.multipartner.hr\/hr\/wp-json\/wp\/v2\/users\/1"}],"replies":[{"embeddable":true,"href":"https:\/\/www.multipartner.hr\/hr\/wp-json\/wp\/v2\/comments?post=294"}],"version-history":[{"count":5,"href":"https:\/\/www.multipartner.hr\/hr\/wp-json\/wp\/v2\/posts\/294\/revisions"}],"predecessor-version":[{"id":1282,"href":"https:\/\/www.multipartner.hr\/hr\/wp-json\/wp\/v2\/posts\/294\/revisions\/1282"}],"wp:featuredmedia":[{"embeddable":true,"href":"https:\/\/www.multipartner.hr\/hr\/wp-json\/wp\/v2\/media\/1027"}],"wp:attachment":[{"href":"https:\/\/www.multipartner.hr\/hr\/wp-json\/wp\/v2\/media?parent=294"}],"wp:term":[{"taxonomy":"category","embeddable":true,"href":"https:\/\/www.multipartner.hr\/hr\/wp-json\/wp\/v2\/categories?post=294"},{"taxonomy":"post_tag","embeddable":true,"href":"https:\/\/www.multipartner.hr\/hr\/wp-json\/wp\/v2\/tags?post=294"}],"curies":[{"name":"wp","href":"https:\/\/api.w.org\/{rel}","templated":true}]}}