{"id":1806,"date":"2018-11-16T13:16:26","date_gmt":"2018-11-16T13:16:26","guid":{"rendered":"http:\/\/www.multipartner.hr\/?p=1806"},"modified":"2024-02-27T08:53:13","modified_gmt":"2024-02-27T08:53:13","slug":"isporuka-vozila-za-prijevoz-osoba-s-invaliditetom","status":"publish","type":"post","link":"https:\/\/www.multipartner.hr\/hr\/isporuka-vozila-za-prijevoz-osoba-s-invaliditetom\/","title":{"rendered":"Isporuka vozila za prijevoz osoba s invaliditetom"},"content":{"rendered":"<div class=\"wpb-content-wrapper\"><p>[vc_row][vc_column][vc_column_text]MultiPartner &#8211; Centar mobilnosti osoba s invaliditetom isporu\u010dio je jo\u0161 jedno vozilo prilago\u0111eno osobama s invaliditetom. Ovaj put smo isporu\u010dili VW Crafter sa zakretnim sjedalom na boku, 3 sjedala sa brzo-skidaju\u0107im mehanizmom te vodilicama za prihvat kolica i sjedala. Vozilo odlikuje i fleksibilan raspored sjedala te ugra\u0111ena linearna elektro-hidrauli\u010dna rampa.<\/p>\n<p>Na\u0161 MultiMobility program centar je mobilnosti osoba s invaliditetom. Vi\u0161e informacija saznajte na <a href=\"http:\/\/www.multipartner.hr\/multimobility\/\">www.multipartner.hr\/multimobility\/<\/a>.<\/p>\n<p>\u010cekamo va\u0161 poziv na <strong>+385 51 618 062<\/strong>.[\/vc_column_text][\/vc_column][\/vc_row][vc_row][vc_column][vc_empty_space][vc_column_text]<\/p>\n<h4>Galerija:<\/h4>\n<p>[\/vc_column_text][vc_masonry_media_grid element_width=&#8221;3&#8243; item=&#8221;masonryMedia_BorderedScale&#8221; grid_id=&#8221;vc_gid:1542633722333-0465be81-cfc9-2&#8243; include=&#8221;1810,1809,1813,1814,1807,1808,1811,1812&#8243;][\/vc_column][\/vc_row]<\/p>\n<\/div>","protected":false},"excerpt":{"rendered":"<p>Isporu\u010dili smo VW Crafter sa zakretnim sjedalom na boku, 3 sjedala sa brzo-skidaju\u0107im mehanizmom te vodilicama za prihvat kolica i sjedala. Vozilo odlikuje i fleksibilan raspored sjedala te ugra\u0111ena linearna elektro-hidrauli\u010dna rampa.<\/p>\n","protected":false},"author":1,"featured_media":1810,"comment_status":"closed","ping_status":"closed","sticky":false,"template":"","format":"standard","meta":{"footnotes":""},"categories":[18],"tags":[],"class_list":["post-1806","post","type-post","status-publish","format-standard","has-post-thumbnail","hentry","category-novosti","category-18","description-off"],"yoast_head":"<!-- This site is optimized with the Yoast SEO plugin v27.5 - https:\/\/yoast.com\/product\/yoast-seo-wordpress\/ -->\n<title>MultiPartner - Isporuka vozila za prijevoz osoba s invaliditetom<\/title>\n<meta name=\"description\" content=\"Isporu\u010dili smo VW Crafter sa zakretnim sjedalom na boku, 3 sjedala sa brzo-skidaju\u0107im mehanizmom te vodilicama za prihvat kolica i sjedala.\" \/>\n<meta name=\"robots\" content=\"index, follow, max-snippet:-1, max-image-preview:large, max-video-preview:-1\" \/>\n<link rel=\"canonical\" href=\"https:\/\/www.multipartner.hr\/hr\/isporuka-vozila-za-prijevoz-osoba-s-invaliditetom\/\" \/>\n<meta property=\"og:locale\" content=\"hr_HR\" \/>\n<meta property=\"og:type\" content=\"article\" \/>\n<meta property=\"og:title\" content=\"MultiPartner - Isporuka vozila za prijevoz osoba s invaliditetom\" \/>\n<meta property=\"og:description\" content=\"Isporu\u010dili smo VW Crafter sa zakretnim sjedalom na boku, 3 sjedala sa brzo-skidaju\u0107im mehanizmom te vodilicama za prihvat kolica i sjedala.\" \/>\n<meta property=\"og:url\" content=\"https:\/\/www.multipartner.hr\/hr\/isporuka-vozila-za-prijevoz-osoba-s-invaliditetom\/\" \/>\n<meta property=\"og:site_name\" content=\"MultiPartner\" \/>\n<meta property=\"article:publisher\" content=\"https:\/\/www.facebook.com\/profile.php?id=100064068909354\" \/>\n<meta property=\"article:published_time\" content=\"2018-11-16T13:16:26+00:00\" \/>\n<meta property=\"article:modified_time\" content=\"2024-02-27T08:53:13+00:00\" \/>\n<meta property=\"og:image\" content=\"https:\/\/www.multipartner.hr\/wp-content\/uploads\/2018\/11\/vozila-za-prijevoz-osoba-s-invaliditetom-4-e1542633311436.jpg\" \/>\n\t<meta property=\"og:image:width\" content=\"768\" \/>\n\t<meta property=\"og:image:height\" content=\"1024\" \/>\n\t<meta property=\"og:image:type\" content=\"image\/jpeg\" \/>\n<meta name=\"author\" content=\"webpoint-mp\" \/>\n<meta name=\"twitter:card\" content=\"summary_large_image\" \/>\n<meta name=\"twitter:label1\" content=\"Napisao\/la\" \/>\n\t<meta name=\"twitter:data1\" content=\"webpoint-mp\" \/>\n\t<meta name=\"twitter:label2\" content=\"Procijenjeno vrijeme \u010ditanja\" \/>\n\t<meta name=\"twitter:data2\" content=\"1 minuta\" \/>\n<script type=\"application\/ld+json\" class=\"yoast-schema-graph\">{\"@context\":\"https:\\\/\\\/schema.org\",\"@graph\":[{\"@type\":\"Article\",\"@id\":\"https:\\\/\\\/www.multipartner.hr\\\/isporuka-vozila-za-prijevoz-osoba-s-invaliditetom\\\/#article\",\"isPartOf\":{\"@id\":\"https:\\\/\\\/www.multipartner.hr\\\/isporuka-vozila-za-prijevoz-osoba-s-invaliditetom\\\/\"},\"author\":{\"name\":\"webpoint-mp\",\"@id\":\"https:\\\/\\\/www.multipartner.hr\\\/hr\\\/#\\\/schema\\\/person\\\/de49b3a2548f7fef0fe597082267aff3\"},\"headline\":\"Isporuka vozila za prijevoz osoba s invaliditetom\",\"datePublished\":\"2018-11-16T13:16:26+00:00\",\"dateModified\":\"2024-02-27T08:53:13+00:00\",\"mainEntityOfPage\":{\"@id\":\"https:\\\/\\\/www.multipartner.hr\\\/isporuka-vozila-za-prijevoz-osoba-s-invaliditetom\\\/\"},\"wordCount\":134,\"publisher\":{\"@id\":\"https:\\\/\\\/www.multipartner.hr\\\/hr\\\/#organization\"},\"image\":{\"@id\":\"https:\\\/\\\/www.multipartner.hr\\\/isporuka-vozila-za-prijevoz-osoba-s-invaliditetom\\\/#primaryimage\"},\"thumbnailUrl\":\"https:\\\/\\\/www.multipartner.hr\\\/wp-content\\\/uploads\\\/2018\\\/11\\\/vozila-za-prijevoz-osoba-s-invaliditetom-4-e1542633311436.jpg\",\"articleSection\":[\"Novosti\"],\"inLanguage\":\"hr\"},{\"@type\":\"WebPage\",\"@id\":\"https:\\\/\\\/www.multipartner.hr\\\/hr\\\/isporuka-vozila-za-prijevoz-osoba-s-invaliditetom\\\/\",\"url\":\"https:\\\/\\\/www.multipartner.hr\\\/hr\\\/isporuka-vozila-za-prijevoz-osoba-s-invaliditetom\\\/\",\"name\":\"MultiPartner - Isporuka vozila za prijevoz osoba s invaliditetom\",\"isPartOf\":{\"@id\":\"https:\\\/\\\/www.multipartner.hr\\\/hr\\\/#website\"},\"primaryImageOfPage\":{\"@id\":\"https:\\\/\\\/www.multipartner.hr\\\/hr\\\/isporuka-vozila-za-prijevoz-osoba-s-invaliditetom\\\/#primaryimage\"},\"image\":{\"@id\":\"https:\\\/\\\/www.multipartner.hr\\\/isporuka-vozila-za-prijevoz-osoba-s-invaliditetom\\\/#primaryimage\"},\"thumbnailUrl\":\"https:\\\/\\\/www.multipartner.hr\\\/wp-content\\\/uploads\\\/2018\\\/11\\\/vozila-za-prijevoz-osoba-s-invaliditetom-4-e1542633311436.jpg\",\"datePublished\":\"2018-11-16T13:16:26+00:00\",\"dateModified\":\"2024-02-27T08:53:13+00:00\",\"description\":\"Isporu\u010dili smo VW Crafter sa zakretnim sjedalom na boku, 3 sjedala sa brzo-skidaju\u0107im mehanizmom te vodilicama za prihvat kolica i sjedala.\",\"breadcrumb\":{\"@id\":\"https:\\\/\\\/www.multipartner.hr\\\/hr\\\/isporuka-vozila-za-prijevoz-osoba-s-invaliditetom\\\/#breadcrumb\"},\"inLanguage\":\"hr\",\"potentialAction\":[{\"@type\":\"ReadAction\",\"target\":[[\"https:\\\/\\\/www.multipartner.hr\\\/hr\\\/isporuka-vozila-za-prijevoz-osoba-s-invaliditetom\\\/\"]]}]},{\"@type\":\"ImageObject\",\"inLanguage\":\"hr\",\"@id\":\"https:\\\/\\\/www.multipartner.hr\\\/hr\\\/isporuka-vozila-za-prijevoz-osoba-s-invaliditetom\\\/#primaryimage\",\"url\":\"https:\\\/\\\/www.multipartner.hr\\\/wp-content\\\/uploads\\\/2018\\\/11\\\/vozila-za-prijevoz-osoba-s-invaliditetom-4-e1542633311436.jpg\",\"contentUrl\":\"https:\\\/\\\/www.multipartner.hr\\\/wp-content\\\/uploads\\\/2018\\\/11\\\/vozila-za-prijevoz-osoba-s-invaliditetom-4-e1542633311436.jpg\",\"width\":768,\"height\":1024,\"caption\":\"vozila-za-prijevoz-osoba-s- invaliditetom\"},{\"@type\":\"BreadcrumbList\",\"@id\":\"https:\\\/\\\/www.multipartner.hr\\\/hr\\\/isporuka-vozila-za-prijevoz-osoba-s-invaliditetom\\\/#breadcrumb\",\"itemListElement\":[{\"@type\":\"ListItem\",\"position\":1,\"name\":\"Home\",\"item\":\"https:\\\/\\\/www.multipartner.hr\\\/hr\\\/\"},{\"@type\":\"ListItem\",\"position\":2,\"name\":\"Isporuka vozila za prijevoz osoba s invaliditetom\"}]},{\"@type\":\"WebSite\",\"@id\":\"https:\\\/\\\/www.multipartner.hr\\\/hr\\\/#website\",\"url\":\"https:\\\/\\\/www.multipartner.hr\\\/hr\\\/\",\"name\":\"MultiPartner\",\"description\":\"Nadogradnje vozila\",\"publisher\":{\"@id\":\"https:\\\/\\\/www.multipartner.hr\\\/hr\\\/#organization\"},\"potentialAction\":[{\"@type\":\"SearchAction\",\"target\":{\"@type\":\"EntryPoint\",\"urlTemplate\":\"https:\\\/\\\/www.multipartner.hr\\\/hr\\\/?s={search_term_string}\"},\"query-input\":{\"@type\":\"PropertyValueSpecification\",\"valueRequired\":true,\"valueName\":\"search_term_string\"}}],\"inLanguage\":\"hr\"},{\"@type\":\"Organization\",\"@id\":\"https:\\\/\\\/www.multipartner.hr\\\/hr\\\/#organization\",\"name\":\"MultiPartner\",\"url\":\"https:\\\/\\\/www.multipartner.hr\\\/hr\\\/\",\"logo\":{\"@type\":\"ImageObject\",\"inLanguage\":\"hr\",\"@id\":\"https:\\\/\\\/www.multipartner.hr\\\/hr\\\/#\\\/schema\\\/logo\\\/image\\\/\",\"url\":\"https:\\\/\\\/www.multipartner.hr\\\/wp-content\\\/uploads\\\/2017\\\/11\\\/multipartner-logotip.png\",\"contentUrl\":\"https:\\\/\\\/www.multipartner.hr\\\/wp-content\\\/uploads\\\/2017\\\/11\\\/multipartner-logotip.png\",\"width\":186,\"height\":40,\"caption\":\"MultiPartner\"},\"image\":{\"@id\":\"https:\\\/\\\/www.multipartner.hr\\\/hr\\\/#\\\/schema\\\/logo\\\/image\\\/\"},\"sameAs\":[\"https:\\\/\\\/www.facebook.com\\\/profile.php?id=100064068909354\"]},{\"@type\":\"Person\",\"@id\":\"https:\\\/\\\/www.multipartner.hr\\\/hr\\\/#\\\/schema\\\/person\\\/de49b3a2548f7fef0fe597082267aff3\",\"name\":\"webpoint-mp\",\"image\":{\"@type\":\"ImageObject\",\"inLanguage\":\"hr\",\"@id\":\"https:\\\/\\\/secure.gravatar.com\\\/avatar\\\/2b25aa520c8571b985e2297d1dfe29869edd6d3519d5857872a90105688d63a0?s=96&d=mm&r=g\",\"url\":\"https:\\\/\\\/secure.gravatar.com\\\/avatar\\\/2b25aa520c8571b985e2297d1dfe29869edd6d3519d5857872a90105688d63a0?s=96&d=mm&r=g\",\"contentUrl\":\"https:\\\/\\\/secure.gravatar.com\\\/avatar\\\/2b25aa520c8571b985e2297d1dfe29869edd6d3519d5857872a90105688d63a0?s=96&d=mm&r=g\",\"caption\":\"webpoint-mp\"},\"url\":\"https:\\\/\\\/www.multipartner.hr\\\/hr\\\/author\\\/webpoint-mp\\\/\"}]}<\/script>\n<!-- \/ Yoast SEO plugin. -->","yoast_head_json":{"title":"MultiPartner - Isporuka vozila za prijevoz osoba s invaliditetom","description":"Isporu\u010dili smo VW Crafter sa zakretnim sjedalom na boku, 3 sjedala sa brzo-skidaju\u0107im mehanizmom te vodilicama za prihvat kolica i sjedala.","robots":{"index":"index","follow":"follow","max-snippet":"max-snippet:-1","max-image-preview":"max-image-preview:large","max-video-preview":"max-video-preview:-1"},"canonical":"https:\/\/www.multipartner.hr\/hr\/isporuka-vozila-za-prijevoz-osoba-s-invaliditetom\/","og_locale":"hr_HR","og_type":"article","og_title":"MultiPartner - Isporuka vozila za prijevoz osoba s invaliditetom","og_description":"Isporu\u010dili smo VW Crafter sa zakretnim sjedalom na boku, 3 sjedala sa brzo-skidaju\u0107im mehanizmom te vodilicama za prihvat kolica i sjedala.","og_url":"https:\/\/www.multipartner.hr\/hr\/isporuka-vozila-za-prijevoz-osoba-s-invaliditetom\/","og_site_name":"MultiPartner","article_publisher":"https:\/\/www.facebook.com\/profile.php?id=100064068909354","article_published_time":"2018-11-16T13:16:26+00:00","article_modified_time":"2024-02-27T08:53:13+00:00","og_image":[{"width":768,"height":1024,"url":"https:\/\/www.multipartner.hr\/wp-content\/uploads\/2018\/11\/vozila-za-prijevoz-osoba-s-invaliditetom-4-e1542633311436.jpg","type":"image\/jpeg"}],"author":"webpoint-mp","twitter_card":"summary_large_image","twitter_misc":{"Napisao\/la":"webpoint-mp","Procijenjeno vrijeme \u010ditanja":"1 minuta"},"schema":{"@context":"https:\/\/schema.org","@graph":[{"@type":"Article","@id":"https:\/\/www.multipartner.hr\/isporuka-vozila-za-prijevoz-osoba-s-invaliditetom\/#article","isPartOf":{"@id":"https:\/\/www.multipartner.hr\/isporuka-vozila-za-prijevoz-osoba-s-invaliditetom\/"},"author":{"name":"webpoint-mp","@id":"https:\/\/www.multipartner.hr\/hr\/#\/schema\/person\/de49b3a2548f7fef0fe597082267aff3"},"headline":"Isporuka vozila za prijevoz osoba s invaliditetom","datePublished":"2018-11-16T13:16:26+00:00","dateModified":"2024-02-27T08:53:13+00:00","mainEntityOfPage":{"@id":"https:\/\/www.multipartner.hr\/isporuka-vozila-za-prijevoz-osoba-s-invaliditetom\/"},"wordCount":134,"publisher":{"@id":"https:\/\/www.multipartner.hr\/hr\/#organization"},"image":{"@id":"https:\/\/www.multipartner.hr\/isporuka-vozila-za-prijevoz-osoba-s-invaliditetom\/#primaryimage"},"thumbnailUrl":"https:\/\/www.multipartner.hr\/wp-content\/uploads\/2018\/11\/vozila-za-prijevoz-osoba-s-invaliditetom-4-e1542633311436.jpg","articleSection":["Novosti"],"inLanguage":"hr"},{"@type":"WebPage","@id":"https:\/\/www.multipartner.hr\/hr\/isporuka-vozila-za-prijevoz-osoba-s-invaliditetom\/","url":"https:\/\/www.multipartner.hr\/hr\/isporuka-vozila-za-prijevoz-osoba-s-invaliditetom\/","name":"MultiPartner - Isporuka vozila za prijevoz osoba s invaliditetom","isPartOf":{"@id":"https:\/\/www.multipartner.hr\/hr\/#website"},"primaryImageOfPage":{"@id":"https:\/\/www.multipartner.hr\/hr\/isporuka-vozila-za-prijevoz-osoba-s-invaliditetom\/#primaryimage"},"image":{"@id":"https:\/\/www.multipartner.hr\/isporuka-vozila-za-prijevoz-osoba-s-invaliditetom\/#primaryimage"},"thumbnailUrl":"https:\/\/www.multipartner.hr\/wp-content\/uploads\/2018\/11\/vozila-za-prijevoz-osoba-s-invaliditetom-4-e1542633311436.jpg","datePublished":"2018-11-16T13:16:26+00:00","dateModified":"2024-02-27T08:53:13+00:00","description":"Isporu\u010dili smo VW Crafter sa zakretnim sjedalom na boku, 3 sjedala sa brzo-skidaju\u0107im mehanizmom te vodilicama za prihvat kolica i sjedala.","breadcrumb":{"@id":"https:\/\/www.multipartner.hr\/hr\/isporuka-vozila-za-prijevoz-osoba-s-invaliditetom\/#breadcrumb"},"inLanguage":"hr","potentialAction":[{"@type":"ReadAction","target":[["https:\/\/www.multipartner.hr\/hr\/isporuka-vozila-za-prijevoz-osoba-s-invaliditetom\/"]]}]},{"@type":"ImageObject","inLanguage":"hr","@id":"https:\/\/www.multipartner.hr\/hr\/isporuka-vozila-za-prijevoz-osoba-s-invaliditetom\/#primaryimage","url":"https:\/\/www.multipartner.hr\/wp-content\/uploads\/2018\/11\/vozila-za-prijevoz-osoba-s-invaliditetom-4-e1542633311436.jpg","contentUrl":"https:\/\/www.multipartner.hr\/wp-content\/uploads\/2018\/11\/vozila-za-prijevoz-osoba-s-invaliditetom-4-e1542633311436.jpg","width":768,"height":1024,"caption":"vozila-za-prijevoz-osoba-s- invaliditetom"},{"@type":"BreadcrumbList","@id":"https:\/\/www.multipartner.hr\/hr\/isporuka-vozila-za-prijevoz-osoba-s-invaliditetom\/#breadcrumb","itemListElement":[{"@type":"ListItem","position":1,"name":"Home","item":"https:\/\/www.multipartner.hr\/hr\/"},{"@type":"ListItem","position":2,"name":"Isporuka vozila za prijevoz osoba s invaliditetom"}]},{"@type":"WebSite","@id":"https:\/\/www.multipartner.hr\/hr\/#website","url":"https:\/\/www.multipartner.hr\/hr\/","name":"MultiPartner","description":"Nadogradnje vozila","publisher":{"@id":"https:\/\/www.multipartner.hr\/hr\/#organization"},"potentialAction":[{"@type":"SearchAction","target":{"@type":"EntryPoint","urlTemplate":"https:\/\/www.multipartner.hr\/hr\/?s={search_term_string}"},"query-input":{"@type":"PropertyValueSpecification","valueRequired":true,"valueName":"search_term_string"}}],"inLanguage":"hr"},{"@type":"Organization","@id":"https:\/\/www.multipartner.hr\/hr\/#organization","name":"MultiPartner","url":"https:\/\/www.multipartner.hr\/hr\/","logo":{"@type":"ImageObject","inLanguage":"hr","@id":"https:\/\/www.multipartner.hr\/hr\/#\/schema\/logo\/image\/","url":"https:\/\/www.multipartner.hr\/wp-content\/uploads\/2017\/11\/multipartner-logotip.png","contentUrl":"https:\/\/www.multipartner.hr\/wp-content\/uploads\/2017\/11\/multipartner-logotip.png","width":186,"height":40,"caption":"MultiPartner"},"image":{"@id":"https:\/\/www.multipartner.hr\/hr\/#\/schema\/logo\/image\/"},"sameAs":["https:\/\/www.facebook.com\/profile.php?id=100064068909354"]},{"@type":"Person","@id":"https:\/\/www.multipartner.hr\/hr\/#\/schema\/person\/de49b3a2548f7fef0fe597082267aff3","name":"webpoint-mp","image":{"@type":"ImageObject","inLanguage":"hr","@id":"https:\/\/secure.gravatar.com\/avatar\/2b25aa520c8571b985e2297d1dfe29869edd6d3519d5857872a90105688d63a0?s=96&d=mm&r=g","url":"https:\/\/secure.gravatar.com\/avatar\/2b25aa520c8571b985e2297d1dfe29869edd6d3519d5857872a90105688d63a0?s=96&d=mm&r=g","contentUrl":"https:\/\/secure.gravatar.com\/avatar\/2b25aa520c8571b985e2297d1dfe29869edd6d3519d5857872a90105688d63a0?s=96&d=mm&r=g","caption":"webpoint-mp"},"url":"https:\/\/www.multipartner.hr\/hr\/author\/webpoint-mp\/"}]}},"_links":{"self":[{"href":"https:\/\/www.multipartner.hr\/hr\/wp-json\/wp\/v2\/posts\/1806","targetHints":{"allow":["GET"]}}],"collection":[{"href":"https:\/\/www.multipartner.hr\/hr\/wp-json\/wp\/v2\/posts"}],"about":[{"href":"https:\/\/www.multipartner.hr\/hr\/wp-json\/wp\/v2\/types\/post"}],"author":[{"embeddable":true,"href":"https:\/\/www.multipartner.hr\/hr\/wp-json\/wp\/v2\/users\/1"}],"replies":[{"embeddable":true,"href":"https:\/\/www.multipartner.hr\/hr\/wp-json\/wp\/v2\/comments?post=1806"}],"version-history":[{"count":3,"href":"https:\/\/www.multipartner.hr\/hr\/wp-json\/wp\/v2\/posts\/1806\/revisions"}],"predecessor-version":[{"id":1817,"href":"https:\/\/www.multipartner.hr\/hr\/wp-json\/wp\/v2\/posts\/1806\/revisions\/1817"}],"wp:featuredmedia":[{"embeddable":true,"href":"https:\/\/www.multipartner.hr\/hr\/wp-json\/wp\/v2\/media\/1810"}],"wp:attachment":[{"href":"https:\/\/www.multipartner.hr\/hr\/wp-json\/wp\/v2\/media?parent=1806"}],"wp:term":[{"taxonomy":"category","embeddable":true,"href":"https:\/\/www.multipartner.hr\/hr\/wp-json\/wp\/v2\/categories?post=1806"},{"taxonomy":"post_tag","embeddable":true,"href":"https:\/\/www.multipartner.hr\/hr\/wp-json\/wp\/v2\/tags?post=1806"}],"curies":[{"name":"wp","href":"https:\/\/api.w.org\/{rel}","templated":true}]}}