{"id":1650,"date":"2018-01-10T11:05:33","date_gmt":"2018-01-10T11:05:33","guid":{"rendered":"http:\/\/www.multipartner.hr\/?p=1650"},"modified":"2020-02-05T18:25:08","modified_gmt":"2020-02-05T18:25:08","slug":"rabljena-vozila-za-prijevoz-osova-s-invaliditetom","status":"publish","type":"post","link":"https:\/\/www.multipartner.hr\/hr\/rabljena-vozila-za-prijevoz-osova-s-invaliditetom\/","title":{"rendered":"Rabljena vozila za prijevoz osoba s invaliditetom"},"content":{"rendered":"<div class=\"wpb-content-wrapper\"><p>[vc_row][vc_column][vc_column_text]S po\u010detkom ove 2018. godine zapo\u010deli smo suradnju s partnerom iz Nizozemske te nudimo specijalno nadogra\u0111ena rabljena vozila za prijevoz osoba s invaliditetom. Lager vozila mo\u017eete pogledati klikom na dugme u nastavku:[\/vc_column_text]<style type=\"text\/css\" data-type=\"the7_shortcodes-inline-css\">#default-btn-a447746e634c651eb6c87f8d3fd06c17 {\n  border-radius: 0px;\n  font-size: 14px;\n  line-height: 16px;\n}\n.btn-shadow#default-btn-a447746e634c651eb6c87f8d3fd06c17 {\n  box-shadow: 0 1px 6px rgba(0,0,0,0.12);\n  transition: box-shadow 0.2s ease-out, opacity 0.45s;\n}\n.btn-shadow#default-btn-a447746e634c651eb6c87f8d3fd06c17:hover {\n  box-shadow: 0 5px 11px 0 rgba(0,0,0,0.18), 0 4px 15px 0 rgba(0,0,0,0.15);\n}\n.btn-3d#default-btn-a447746e634c651eb6c87f8d3fd06c17 {\n  box-shadow: 0px 2px 0px 0px #3175a4;\n}\n.btn-3d#default-btn-a447746e634c651eb6c87f8d3fd06c17:hover {\n  box-shadow: 0px 2px 0px 0px #000000;\n}\n.btn-flat#default-btn-a447746e634c651eb6c87f8d3fd06c17 {\n  box-shadow: none;\n}\n.btn-flat#default-btn-a447746e634c651eb6c87f8d3fd06c17:hover {\n  box-shadow: none;\n}\n#default-btn-a447746e634c651eb6c87f8d3fd06c17.ico-right-side > i {\n  margin-right: 0px;\n  margin-left: 8px;\n}\n#default-btn-a447746e634c651eb6c87f8d3fd06c17 > i {\n  margin-right: 8px;\n  font-size: 14px;\n}\n#default-btn-a447746e634c651eb6c87f8d3fd06c17:not(:hover) {\n  border-width: 0px;\n  color: #ffffff;\n  background: #3299e0 !important;\n  padding: 12px 18px 12px 18px;\n}\n#default-btn-a447746e634c651eb6c87f8d3fd06c17:not(:hover) * {\n  color: #ffffff;\n}\n#default-btn-a447746e634c651eb6c87f8d3fd06c17:hover {\n  border-width: 0px;\n  color: #ffffff;\n  background: #000000 !important;\n  padding: 12px 18px 12px 18px;\n}\n#default-btn-a447746e634c651eb6c87f8d3fd06c17:hover * {\n  color: #ffffff;\n}\n#default-btn-a447746e634c651eb6c87f8d3fd06c17.ico-right-side > i {\n  margin-right: 0px;\n  margin-left: 8px;\n}\n#default-btn-a447746e634c651eb6c87f8d3fd06c17 > i {\n  margin-right: 8px;\n}<\/style><div class=\"btn-align-left\"><a href=\"http:\/\/www.multipartner.hr\/ponuda-vozila-s-pristupom-osobama-u-invalidskim-kolicima\/\" class=\"default-btn-shortcode dt-btn bounce animate-element animation-builder link-hover-off btn-flat \" target=\"_blank\" id=\"default-btn-a447746e634c651eb6c87f8d3fd06c17\" rel=\"noopener\"><span>Rabljena vozila<\/span><\/a><\/div>[\/vc_column][\/vc_row]<\/p>\n<\/div>","protected":false},"excerpt":{"rendered":"<p>S po\u010detkom ove 2018. godine zapo\u010deli smo suradnju s partnerom iz Nizozemske te nudimo specijalno nadogra\u0111ena rabljena vozila za prijevoz osoba s invaliditetom.<\/p>\n","protected":false},"author":1,"featured_media":1651,"comment_status":"open","ping_status":"open","sticky":false,"template":"","format":"standard","meta":{"footnotes":""},"categories":[18],"tags":[],"class_list":["post-1650","post","type-post","status-publish","format-standard","has-post-thumbnail","hentry","category-novosti","category-18","description-off"],"yoast_head":"<!-- This site is optimized with the Yoast SEO plugin v26.4 - https:\/\/yoast.com\/wordpress\/plugins\/seo\/ -->\n<title>Rabljena vozila za prijevoz osoba s invaliditetom - MultiPartner<\/title>\n<meta name=\"robots\" content=\"index, follow, max-snippet:-1, max-image-preview:large, max-video-preview:-1\" \/>\n<link rel=\"canonical\" href=\"https:\/\/www.multipartner.hr\/hr\/rabljena-vozila-za-prijevoz-osova-s-invaliditetom\/\" \/>\n<meta property=\"og:locale\" content=\"hr_HR\" \/>\n<meta property=\"og:type\" content=\"article\" \/>\n<meta property=\"og:title\" content=\"Rabljena vozila za prijevoz osoba s invaliditetom - MultiPartner\" \/>\n<meta property=\"og:description\" content=\"S po\u010detkom ove 2018. godine zapo\u010deli smo suradnju s partnerom iz Nizozemske te nudimo specijalno nadogra\u0111ena rabljena vozila za prijevoz osoba s invaliditetom.\" \/>\n<meta property=\"og:url\" content=\"https:\/\/www.multipartner.hr\/hr\/rabljena-vozila-za-prijevoz-osova-s-invaliditetom\/\" \/>\n<meta property=\"og:site_name\" content=\"MultiPartner\" \/>\n<meta property=\"article:publisher\" content=\"https:\/\/www.facebook.com\/profile.php?id=100064068909354\" \/>\n<meta property=\"article:published_time\" content=\"2018-01-10T11:05:33+00:00\" \/>\n<meta property=\"article:modified_time\" content=\"2020-02-05T18:25:08+00:00\" \/>\n<meta property=\"og:image\" content=\"https:\/\/www.multipartner.hr\/wp-content\/uploads\/2018\/01\/Rabljena-vozila-za-prijevoz-osova-s-invaliditetom.jpg\" \/>\n\t<meta property=\"og:image:width\" content=\"600\" \/>\n\t<meta property=\"og:image:height\" content=\"448\" \/>\n\t<meta property=\"og:image:type\" content=\"image\/jpeg\" \/>\n<meta name=\"author\" content=\"webpoint-mp\" \/>\n<meta name=\"twitter:card\" content=\"summary_large_image\" \/>\n<meta name=\"twitter:label1\" content=\"Napisao\/la\" \/>\n\t<meta name=\"twitter:data1\" content=\"webpoint-mp\" \/>\n\t<meta name=\"twitter:label2\" content=\"Procijenjeno vrijeme \u010ditanja\" \/>\n\t<meta name=\"twitter:data2\" content=\"1 minuta\" \/>\n<script type=\"application\/ld+json\" class=\"yoast-schema-graph\">{\"@context\":\"https:\/\/schema.org\",\"@graph\":[{\"@type\":\"Article\",\"@id\":\"https:\/\/www.multipartner.hr\/hr\/rabljena-vozila-za-prijevoz-osova-s-invaliditetom\/#article\",\"isPartOf\":{\"@id\":\"https:\/\/www.multipartner.hr\/hr\/rabljena-vozila-za-prijevoz-osova-s-invaliditetom\/\"},\"author\":{\"name\":\"webpoint-mp\",\"@id\":\"https:\/\/www.multipartner.hr\/hr\/#\/schema\/person\/de49b3a2548f7fef0fe597082267aff3\"},\"headline\":\"Rabljena vozila za prijevoz osoba s invaliditetom\",\"datePublished\":\"2018-01-10T11:05:33+00:00\",\"dateModified\":\"2020-02-05T18:25:08+00:00\",\"mainEntityOfPage\":{\"@id\":\"https:\/\/www.multipartner.hr\/hr\/rabljena-vozila-za-prijevoz-osova-s-invaliditetom\/\"},\"wordCount\":115,\"commentCount\":0,\"publisher\":{\"@id\":\"https:\/\/www.multipartner.hr\/hr\/#organization\"},\"image\":{\"@id\":\"https:\/\/www.multipartner.hr\/hr\/rabljena-vozila-za-prijevoz-osova-s-invaliditetom\/#primaryimage\"},\"thumbnailUrl\":\"https:\/\/www.multipartner.hr\/wp-content\/uploads\/2018\/01\/Rabljena-vozila-za-prijevoz-osova-s-invaliditetom.jpg\",\"articleSection\":[\"Novosti\"],\"inLanguage\":\"hr\",\"potentialAction\":[{\"@type\":\"CommentAction\",\"name\":\"Comment\",\"target\":[\"https:\/\/www.multipartner.hr\/hr\/rabljena-vozila-za-prijevoz-osova-s-invaliditetom\/#respond\"]}]},{\"@type\":\"WebPage\",\"@id\":\"https:\/\/www.multipartner.hr\/hr\/rabljena-vozila-za-prijevoz-osova-s-invaliditetom\/\",\"url\":\"https:\/\/www.multipartner.hr\/hr\/rabljena-vozila-za-prijevoz-osova-s-invaliditetom\/\",\"name\":\"Rabljena vozila za prijevoz osoba s invaliditetom - MultiPartner\",\"isPartOf\":{\"@id\":\"https:\/\/www.multipartner.hr\/hr\/#website\"},\"primaryImageOfPage\":{\"@id\":\"https:\/\/www.multipartner.hr\/hr\/rabljena-vozila-za-prijevoz-osova-s-invaliditetom\/#primaryimage\"},\"image\":{\"@id\":\"https:\/\/www.multipartner.hr\/hr\/rabljena-vozila-za-prijevoz-osova-s-invaliditetom\/#primaryimage\"},\"thumbnailUrl\":\"https:\/\/www.multipartner.hr\/wp-content\/uploads\/2018\/01\/Rabljena-vozila-za-prijevoz-osova-s-invaliditetom.jpg\",\"datePublished\":\"2018-01-10T11:05:33+00:00\",\"dateModified\":\"2020-02-05T18:25:08+00:00\",\"breadcrumb\":{\"@id\":\"https:\/\/www.multipartner.hr\/hr\/rabljena-vozila-za-prijevoz-osova-s-invaliditetom\/#breadcrumb\"},\"inLanguage\":\"hr\",\"potentialAction\":[{\"@type\":\"ReadAction\",\"target\":[[\"https:\/\/www.multipartner.hr\/hr\/rabljena-vozila-za-prijevoz-osova-s-invaliditetom\/\"]]}]},{\"@type\":\"ImageObject\",\"inLanguage\":\"hr\",\"@id\":\"https:\/\/www.multipartner.hr\/hr\/rabljena-vozila-za-prijevoz-osova-s-invaliditetom\/#primaryimage\",\"url\":\"https:\/\/www.multipartner.hr\/wp-content\/uploads\/2018\/01\/Rabljena-vozila-za-prijevoz-osova-s-invaliditetom.jpg\",\"contentUrl\":\"https:\/\/www.multipartner.hr\/wp-content\/uploads\/2018\/01\/Rabljena-vozila-za-prijevoz-osova-s-invaliditetom.jpg\",\"width\":600,\"height\":448,\"caption\":\"Rabljena-vozila-za-prijevoz-osova-s-invaliditetom\"},{\"@type\":\"BreadcrumbList\",\"@id\":\"https:\/\/www.multipartner.hr\/hr\/rabljena-vozila-za-prijevoz-osova-s-invaliditetom\/#breadcrumb\",\"itemListElement\":[{\"@type\":\"ListItem\",\"position\":1,\"name\":\"Home\",\"item\":\"https:\/\/www.multipartner.hr\/hr\/\"},{\"@type\":\"ListItem\",\"position\":2,\"name\":\"Rabljena vozila za prijevoz osoba s invaliditetom\"}]},{\"@type\":\"WebSite\",\"@id\":\"https:\/\/www.multipartner.hr\/hr\/#website\",\"url\":\"https:\/\/www.multipartner.hr\/hr\/\",\"name\":\"MultiPartner\",\"description\":\"Nadogradnje vozila\",\"publisher\":{\"@id\":\"https:\/\/www.multipartner.hr\/hr\/#organization\"},\"potentialAction\":[{\"@type\":\"SearchAction\",\"target\":{\"@type\":\"EntryPoint\",\"urlTemplate\":\"https:\/\/www.multipartner.hr\/hr\/?s={search_term_string}\"},\"query-input\":{\"@type\":\"PropertyValueSpecification\",\"valueRequired\":true,\"valueName\":\"search_term_string\"}}],\"inLanguage\":\"hr\"},{\"@type\":\"Organization\",\"@id\":\"https:\/\/www.multipartner.hr\/hr\/#organization\",\"name\":\"MultiPartner\",\"url\":\"https:\/\/www.multipartner.hr\/hr\/\",\"logo\":{\"@type\":\"ImageObject\",\"inLanguage\":\"hr\",\"@id\":\"https:\/\/www.multipartner.hr\/hr\/#\/schema\/logo\/image\/\",\"url\":\"https:\/\/www.multipartner.hr\/wp-content\/uploads\/2017\/11\/multipartner-logotip.png\",\"contentUrl\":\"https:\/\/www.multipartner.hr\/wp-content\/uploads\/2017\/11\/multipartner-logotip.png\",\"width\":186,\"height\":40,\"caption\":\"MultiPartner\"},\"image\":{\"@id\":\"https:\/\/www.multipartner.hr\/hr\/#\/schema\/logo\/image\/\"},\"sameAs\":[\"https:\/\/www.facebook.com\/profile.php?id=100064068909354\"]},{\"@type\":\"Person\",\"@id\":\"https:\/\/www.multipartner.hr\/hr\/#\/schema\/person\/de49b3a2548f7fef0fe597082267aff3\",\"name\":\"webpoint-mp\",\"image\":{\"@type\":\"ImageObject\",\"inLanguage\":\"hr\",\"@id\":\"https:\/\/www.multipartner.hr\/hr\/#\/schema\/person\/image\/\",\"url\":\"https:\/\/secure.gravatar.com\/avatar\/2b25aa520c8571b985e2297d1dfe29869edd6d3519d5857872a90105688d63a0?s=96&d=mm&r=g\",\"contentUrl\":\"https:\/\/secure.gravatar.com\/avatar\/2b25aa520c8571b985e2297d1dfe29869edd6d3519d5857872a90105688d63a0?s=96&d=mm&r=g\",\"caption\":\"webpoint-mp\"},\"url\":\"https:\/\/www.multipartner.hr\/hr\/author\/webpoint-mp\/\"}]}<\/script>\n<!-- \/ Yoast SEO plugin. -->","yoast_head_json":{"title":"Rabljena vozila za prijevoz osoba s invaliditetom - MultiPartner","robots":{"index":"index","follow":"follow","max-snippet":"max-snippet:-1","max-image-preview":"max-image-preview:large","max-video-preview":"max-video-preview:-1"},"canonical":"https:\/\/www.multipartner.hr\/hr\/rabljena-vozila-za-prijevoz-osova-s-invaliditetom\/","og_locale":"hr_HR","og_type":"article","og_title":"Rabljena vozila za prijevoz osoba s invaliditetom - MultiPartner","og_description":"S po\u010detkom ove 2018. godine zapo\u010deli smo suradnju s partnerom iz Nizozemske te nudimo specijalno nadogra\u0111ena rabljena vozila za prijevoz osoba s invaliditetom.","og_url":"https:\/\/www.multipartner.hr\/hr\/rabljena-vozila-za-prijevoz-osova-s-invaliditetom\/","og_site_name":"MultiPartner","article_publisher":"https:\/\/www.facebook.com\/profile.php?id=100064068909354","article_published_time":"2018-01-10T11:05:33+00:00","article_modified_time":"2020-02-05T18:25:08+00:00","og_image":[{"width":600,"height":448,"url":"https:\/\/www.multipartner.hr\/wp-content\/uploads\/2018\/01\/Rabljena-vozila-za-prijevoz-osova-s-invaliditetom.jpg","type":"image\/jpeg"}],"author":"webpoint-mp","twitter_card":"summary_large_image","twitter_misc":{"Napisao\/la":"webpoint-mp","Procijenjeno vrijeme \u010ditanja":"1 minuta"},"schema":{"@context":"https:\/\/schema.org","@graph":[{"@type":"Article","@id":"https:\/\/www.multipartner.hr\/hr\/rabljena-vozila-za-prijevoz-osova-s-invaliditetom\/#article","isPartOf":{"@id":"https:\/\/www.multipartner.hr\/hr\/rabljena-vozila-za-prijevoz-osova-s-invaliditetom\/"},"author":{"name":"webpoint-mp","@id":"https:\/\/www.multipartner.hr\/hr\/#\/schema\/person\/de49b3a2548f7fef0fe597082267aff3"},"headline":"Rabljena vozila za prijevoz osoba s invaliditetom","datePublished":"2018-01-10T11:05:33+00:00","dateModified":"2020-02-05T18:25:08+00:00","mainEntityOfPage":{"@id":"https:\/\/www.multipartner.hr\/hr\/rabljena-vozila-za-prijevoz-osova-s-invaliditetom\/"},"wordCount":115,"commentCount":0,"publisher":{"@id":"https:\/\/www.multipartner.hr\/hr\/#organization"},"image":{"@id":"https:\/\/www.multipartner.hr\/hr\/rabljena-vozila-za-prijevoz-osova-s-invaliditetom\/#primaryimage"},"thumbnailUrl":"https:\/\/www.multipartner.hr\/wp-content\/uploads\/2018\/01\/Rabljena-vozila-za-prijevoz-osova-s-invaliditetom.jpg","articleSection":["Novosti"],"inLanguage":"hr","potentialAction":[{"@type":"CommentAction","name":"Comment","target":["https:\/\/www.multipartner.hr\/hr\/rabljena-vozila-za-prijevoz-osova-s-invaliditetom\/#respond"]}]},{"@type":"WebPage","@id":"https:\/\/www.multipartner.hr\/hr\/rabljena-vozila-za-prijevoz-osova-s-invaliditetom\/","url":"https:\/\/www.multipartner.hr\/hr\/rabljena-vozila-za-prijevoz-osova-s-invaliditetom\/","name":"Rabljena vozila za prijevoz osoba s invaliditetom - MultiPartner","isPartOf":{"@id":"https:\/\/www.multipartner.hr\/hr\/#website"},"primaryImageOfPage":{"@id":"https:\/\/www.multipartner.hr\/hr\/rabljena-vozila-za-prijevoz-osova-s-invaliditetom\/#primaryimage"},"image":{"@id":"https:\/\/www.multipartner.hr\/hr\/rabljena-vozila-za-prijevoz-osova-s-invaliditetom\/#primaryimage"},"thumbnailUrl":"https:\/\/www.multipartner.hr\/wp-content\/uploads\/2018\/01\/Rabljena-vozila-za-prijevoz-osova-s-invaliditetom.jpg","datePublished":"2018-01-10T11:05:33+00:00","dateModified":"2020-02-05T18:25:08+00:00","breadcrumb":{"@id":"https:\/\/www.multipartner.hr\/hr\/rabljena-vozila-za-prijevoz-osova-s-invaliditetom\/#breadcrumb"},"inLanguage":"hr","potentialAction":[{"@type":"ReadAction","target":[["https:\/\/www.multipartner.hr\/hr\/rabljena-vozila-za-prijevoz-osova-s-invaliditetom\/"]]}]},{"@type":"ImageObject","inLanguage":"hr","@id":"https:\/\/www.multipartner.hr\/hr\/rabljena-vozila-za-prijevoz-osova-s-invaliditetom\/#primaryimage","url":"https:\/\/www.multipartner.hr\/wp-content\/uploads\/2018\/01\/Rabljena-vozila-za-prijevoz-osova-s-invaliditetom.jpg","contentUrl":"https:\/\/www.multipartner.hr\/wp-content\/uploads\/2018\/01\/Rabljena-vozila-za-prijevoz-osova-s-invaliditetom.jpg","width":600,"height":448,"caption":"Rabljena-vozila-za-prijevoz-osova-s-invaliditetom"},{"@type":"BreadcrumbList","@id":"https:\/\/www.multipartner.hr\/hr\/rabljena-vozila-za-prijevoz-osova-s-invaliditetom\/#breadcrumb","itemListElement":[{"@type":"ListItem","position":1,"name":"Home","item":"https:\/\/www.multipartner.hr\/hr\/"},{"@type":"ListItem","position":2,"name":"Rabljena vozila za prijevoz osoba s invaliditetom"}]},{"@type":"WebSite","@id":"https:\/\/www.multipartner.hr\/hr\/#website","url":"https:\/\/www.multipartner.hr\/hr\/","name":"MultiPartner","description":"Nadogradnje vozila","publisher":{"@id":"https:\/\/www.multipartner.hr\/hr\/#organization"},"potentialAction":[{"@type":"SearchAction","target":{"@type":"EntryPoint","urlTemplate":"https:\/\/www.multipartner.hr\/hr\/?s={search_term_string}"},"query-input":{"@type":"PropertyValueSpecification","valueRequired":true,"valueName":"search_term_string"}}],"inLanguage":"hr"},{"@type":"Organization","@id":"https:\/\/www.multipartner.hr\/hr\/#organization","name":"MultiPartner","url":"https:\/\/www.multipartner.hr\/hr\/","logo":{"@type":"ImageObject","inLanguage":"hr","@id":"https:\/\/www.multipartner.hr\/hr\/#\/schema\/logo\/image\/","url":"https:\/\/www.multipartner.hr\/wp-content\/uploads\/2017\/11\/multipartner-logotip.png","contentUrl":"https:\/\/www.multipartner.hr\/wp-content\/uploads\/2017\/11\/multipartner-logotip.png","width":186,"height":40,"caption":"MultiPartner"},"image":{"@id":"https:\/\/www.multipartner.hr\/hr\/#\/schema\/logo\/image\/"},"sameAs":["https:\/\/www.facebook.com\/profile.php?id=100064068909354"]},{"@type":"Person","@id":"https:\/\/www.multipartner.hr\/hr\/#\/schema\/person\/de49b3a2548f7fef0fe597082267aff3","name":"webpoint-mp","image":{"@type":"ImageObject","inLanguage":"hr","@id":"https:\/\/www.multipartner.hr\/hr\/#\/schema\/person\/image\/","url":"https:\/\/secure.gravatar.com\/avatar\/2b25aa520c8571b985e2297d1dfe29869edd6d3519d5857872a90105688d63a0?s=96&d=mm&r=g","contentUrl":"https:\/\/secure.gravatar.com\/avatar\/2b25aa520c8571b985e2297d1dfe29869edd6d3519d5857872a90105688d63a0?s=96&d=mm&r=g","caption":"webpoint-mp"},"url":"https:\/\/www.multipartner.hr\/hr\/author\/webpoint-mp\/"}]}},"_links":{"self":[{"href":"https:\/\/www.multipartner.hr\/hr\/wp-json\/wp\/v2\/posts\/1650","targetHints":{"allow":["GET"]}}],"collection":[{"href":"https:\/\/www.multipartner.hr\/hr\/wp-json\/wp\/v2\/posts"}],"about":[{"href":"https:\/\/www.multipartner.hr\/hr\/wp-json\/wp\/v2\/types\/post"}],"author":[{"embeddable":true,"href":"https:\/\/www.multipartner.hr\/hr\/wp-json\/wp\/v2\/users\/1"}],"replies":[{"embeddable":true,"href":"https:\/\/www.multipartner.hr\/hr\/wp-json\/wp\/v2\/comments?post=1650"}],"version-history":[{"count":5,"href":"https:\/\/www.multipartner.hr\/hr\/wp-json\/wp\/v2\/posts\/1650\/revisions"}],"predecessor-version":[{"id":2385,"href":"https:\/\/www.multipartner.hr\/hr\/wp-json\/wp\/v2\/posts\/1650\/revisions\/2385"}],"wp:featuredmedia":[{"embeddable":true,"href":"https:\/\/www.multipartner.hr\/hr\/wp-json\/wp\/v2\/media\/1651"}],"wp:attachment":[{"href":"https:\/\/www.multipartner.hr\/hr\/wp-json\/wp\/v2\/media?parent=1650"}],"wp:term":[{"taxonomy":"category","embeddable":true,"href":"https:\/\/www.multipartner.hr\/hr\/wp-json\/wp\/v2\/categories?post=1650"},{"taxonomy":"post_tag","embeddable":true,"href":"https:\/\/www.multipartner.hr\/hr\/wp-json\/wp\/v2\/tags?post=1650"}],"curies":[{"name":"wp","href":"https:\/\/api.w.org\/{rel}","templated":true}]}}