{"id":1931,"date":"2019-04-09T08:16:02","date_gmt":"2019-04-09T08:16:02","guid":{"rendered":"https:\/\/www.multipartner.hr\/?p=1931"},"modified":"2019-04-09T08:16:04","modified_gmt":"2019-04-09T08:16:04","slug":"multimobility-nadogradnja-za-prijevoz-osoba-s-invaliditetom-na-iveco-daily","status":"publish","type":"post","link":"https:\/\/www.multipartner.hr\/en\/multimobility-nadogradnja-za-prijevoz-osoba-s-invaliditetom-na-iveco-daily\/","title":{"rendered":"MultiMobility \u2013 Nadogradnja za prijevoz osoba s invaliditetom na Iveco Daily"},"content":{"rendered":"\n<p>Pro\u0161li tjedan smo isporu\u010dili jo\u0161 jedno posebno vozilo potpuno prilago\u0111eno prijevozu vi\u0161e osoba s invaliditetom.<\/p>\n\n\n\n<p>Nadogradili smo Iveco Daily za na\u0161eg dugogodi\u0161njeg klijenta &#8211; te tako jo\u0161 jednom potvrdili da ovo poznato transport vozilo mo\u017ee biti itekako zanimljivo za prijevoz osoba s invaliditetom u kolicima.<\/p>\n\n\n\n<p>Ugradili smo stakla s mogu\u0107no\u0161\u0107u otvaranja, dodatnu klimatizaciju i grijanje, drugi red sjedala kojom smo omogu\u0107ili polivalentnost vozila te mehani\u010dku rampu za invalide s mogu\u0107no\u0161\u0107u brze demonta\u017ee.<\/p>\n\n\n\n<div class=\"wp-block-image\"><figure class=\"aligncenter\"><img loading=\"lazy\" decoding=\"async\" width=\"914\" height=\"679\" src=\"https:\/\/www.multipartner.hr\/wp-content\/uploads\/2019\/04\/iveco-daily-multimobility-nadogradnja-5.jpg\" alt=\"\" class=\"wp-image-1937\" srcset=\"https:\/\/www.multipartner.hr\/wp-content\/uploads\/2019\/04\/iveco-daily-multimobility-nadogradnja-5.jpg 914w, https:\/\/www.multipartner.hr\/wp-content\/uploads\/2019\/04\/iveco-daily-multimobility-nadogradnja-5-300x223.jpg 300w, https:\/\/www.multipartner.hr\/wp-content\/uploads\/2019\/04\/iveco-daily-multimobility-nadogradnja-5-768x571.jpg 768w\" sizes=\"auto, (max-width: 914px) 100vw, 914px\" \/><\/figure><\/div>\n\n\n\n<div class=\"wp-block-image\"><figure class=\"aligncenter\"><img loading=\"lazy\" decoding=\"async\" width=\"514\" height=\"679\" src=\"https:\/\/www.multipartner.hr\/wp-content\/uploads\/2019\/04\/iveco-daily-multimobility-nadogradnja-6.jpg\" alt=\"\" class=\"wp-image-1935\" srcset=\"https:\/\/www.multipartner.hr\/wp-content\/uploads\/2019\/04\/iveco-daily-multimobility-nadogradnja-6.jpg 514w, https:\/\/www.multipartner.hr\/wp-content\/uploads\/2019\/04\/iveco-daily-multimobility-nadogradnja-6-227x300.jpg 227w\" sizes=\"auto, (max-width: 514px) 100vw, 514px\" \/><\/figure><\/div>\n\n\n\n<p>Va\u017eno je napomenuti i da sna\u017eni motor Iveco Daily vozila mo\u017ee s lako\u0107om vu\u0107i prikolicu i \u0161irok spektar dodatne opreme.<\/p>\n\n\n\n<figure class=\"wp-block-image\"><img loading=\"lazy\" decoding=\"async\" width=\"915\" height=\"689\" src=\"https:\/\/www.multipartner.hr\/wp-content\/uploads\/2019\/04\/iveco-daily-multimobility-nadogradnja-2.jpg\" alt=\"\" class=\"wp-image-1936\" srcset=\"https:\/\/www.multipartner.hr\/wp-content\/uploads\/2019\/04\/iveco-daily-multimobility-nadogradnja-2.jpg 915w, https:\/\/www.multipartner.hr\/wp-content\/uploads\/2019\/04\/iveco-daily-multimobility-nadogradnja-2-300x226.jpg 300w, https:\/\/www.multipartner.hr\/wp-content\/uploads\/2019\/04\/iveco-daily-multimobility-nadogradnja-2-768x578.jpg 768w\" sizes=\"auto, (max-width: 915px) 100vw, 915px\" \/><\/figure>\n\n\n\n<p>Na\u0161 popularni MultiMobility program prepoznale su brojne doma\u0107e i inozemne tvrtke, te je ovo posebno vozilo odmah nakon nadogranje krenulo putem Barcelone.<\/p>\n\n\n\n<p>\u017delimo im sretan put i ugodnu vo\u017enju!<\/p>\n\n\n\n<p>Detalje o MultiPartner MultiMobility programu saznajte <a href=\"https:\/\/www.multipartner.hr\/multimobility\/\">ovdje<\/a>, nazovite nas na +385 51 618 062 ili nas posjetite na Kukuljanovo 450, Rijeka.<\/p>\n","protected":false},"excerpt":{"rendered":"<p>Nadogradili smo Iveco Daily za na\u0161eg dugogodi\u0161njeg klijenta &#8211; te tako jo\u0161 jednom potvrdili da ovo poznato transport vozilo mo\u017ee biti itekako zanimljivo za prijevoz osoba s invaliditetom u kolicima.<\/p>\n","protected":false},"author":2,"featured_media":1934,"comment_status":"closed","ping_status":"closed","sticky":false,"template":"","format":"standard","meta":{"footnotes":""},"categories":[18],"tags":[22],"class_list":["post-1931","post","type-post","status-publish","format-standard","has-post-thumbnail","hentry","category-novosti","tag-multimobility","category-18","description-off"],"yoast_head":"<!-- This site is optimized with the Yoast SEO plugin v27.5 - https:\/\/yoast.com\/product\/yoast-seo-wordpress\/ -->\n<title>MultiMobility \u2013 Nadogradnja za prijevoz osoba s invaliditetom na Iveco Daily - MultiPartner<\/title>\n<meta name=\"robots\" content=\"index, follow, max-snippet:-1, max-image-preview:large, max-video-preview:-1\" \/>\n<link rel=\"canonical\" href=\"https:\/\/www.multipartner.hr\/en\/multimobility-nadogradnja-za-prijevoz-osoba-s-invaliditetom-na-iveco-daily\/\" \/>\n<meta property=\"og:locale\" content=\"en_US\" \/>\n<meta property=\"og:type\" content=\"article\" \/>\n<meta property=\"og:title\" content=\"MultiMobility \u2013 Nadogradnja za prijevoz osoba s invaliditetom na Iveco Daily - MultiPartner\" \/>\n<meta property=\"og:description\" content=\"Nadogradili smo Iveco Daily za na\u0161eg dugogodi\u0161njeg klijenta - te tako jo\u0161 jednom potvrdili da ovo poznato transport vozilo mo\u017ee biti itekako zanimljivo za prijevoz osoba s invaliditetom u kolicima.\" \/>\n<meta property=\"og:url\" content=\"https:\/\/www.multipartner.hr\/en\/multimobility-nadogradnja-za-prijevoz-osoba-s-invaliditetom-na-iveco-daily\/\" \/>\n<meta property=\"og:site_name\" content=\"MultiPartner\" \/>\n<meta property=\"article:publisher\" content=\"https:\/\/www.facebook.com\/profile.php?id=100064068909354\" \/>\n<meta property=\"article:published_time\" content=\"2019-04-09T08:16:02+00:00\" \/>\n<meta property=\"article:modified_time\" content=\"2019-04-09T08:16:04+00:00\" \/>\n<meta property=\"og:image\" content=\"https:\/\/www.multipartner.hr\/wp-content\/uploads\/2019\/04\/iveco-daily-multimobility-nadogradnja-feat.jpg\" \/>\n\t<meta property=\"og:image:width\" content=\"894\" \/>\n\t<meta property=\"og:image:height\" content=\"682\" \/>\n\t<meta property=\"og:image:type\" content=\"image\/jpeg\" \/>\n<meta name=\"author\" content=\"MultiPartner\" \/>\n<meta name=\"twitter:card\" content=\"summary_large_image\" \/>\n<meta name=\"twitter:label1\" content=\"Written by\" \/>\n\t<meta name=\"twitter:data1\" content=\"MultiPartner\" \/>\n\t<meta name=\"twitter:label2\" content=\"Est. reading time\" \/>\n\t<meta name=\"twitter:data2\" content=\"1 minute\" \/>\n<script type=\"application\/ld+json\" class=\"yoast-schema-graph\">{\"@context\":\"https:\\\/\\\/schema.org\",\"@graph\":[{\"@type\":\"Article\",\"@id\":\"https:\\\/\\\/www.multipartner.hr\\\/hr\\\/multimobility-nadogradnja-za-prijevoz-osoba-s-invaliditetom-na-iveco-daily\\\/#article\",\"isPartOf\":{\"@id\":\"https:\\\/\\\/www.multipartner.hr\\\/hr\\\/multimobility-nadogradnja-za-prijevoz-osoba-s-invaliditetom-na-iveco-daily\\\/\"},\"author\":{\"name\":\"MultiPartner\",\"@id\":\"https:\\\/\\\/www.multipartner.hr\\\/hr\\\/#\\\/schema\\\/person\\\/51880dcd6e5c785216bbb917ee96bf7d\"},\"headline\":\"MultiMobility \u2013 Nadogradnja za prijevoz osoba s invaliditetom na Iveco Daily\",\"datePublished\":\"2019-04-09T08:16:02+00:00\",\"dateModified\":\"2019-04-09T08:16:04+00:00\",\"mainEntityOfPage\":{\"@id\":\"https:\\\/\\\/www.multipartner.hr\\\/hr\\\/multimobility-nadogradnja-za-prijevoz-osoba-s-invaliditetom-na-iveco-daily\\\/\"},\"wordCount\":168,\"publisher\":{\"@id\":\"https:\\\/\\\/www.multipartner.hr\\\/hr\\\/#organization\"},\"image\":{\"@id\":\"https:\\\/\\\/www.multipartner.hr\\\/hr\\\/multimobility-nadogradnja-za-prijevoz-osoba-s-invaliditetom-na-iveco-daily\\\/#primaryimage\"},\"thumbnailUrl\":\"https:\\\/\\\/www.multipartner.hr\\\/wp-content\\\/uploads\\\/2019\\\/04\\\/iveco-daily-multimobility-nadogradnja-feat.jpg\",\"keywords\":[\"multimobility\"],\"articleSection\":[\"Novosti\"],\"inLanguage\":\"en-US\"},{\"@type\":\"WebPage\",\"@id\":\"https:\\\/\\\/www.multipartner.hr\\\/en\\\/multimobility-nadogradnja-za-prijevoz-osoba-s-invaliditetom-na-iveco-daily\\\/\",\"url\":\"https:\\\/\\\/www.multipartner.hr\\\/en\\\/multimobility-nadogradnja-za-prijevoz-osoba-s-invaliditetom-na-iveco-daily\\\/\",\"name\":\"MultiMobility \u2013 Nadogradnja za prijevoz osoba s invaliditetom na Iveco Daily - MultiPartner\",\"isPartOf\":{\"@id\":\"https:\\\/\\\/www.multipartner.hr\\\/en\\\/#website\"},\"primaryImageOfPage\":{\"@id\":\"https:\\\/\\\/www.multipartner.hr\\\/en\\\/multimobility-nadogradnja-za-prijevoz-osoba-s-invaliditetom-na-iveco-daily\\\/#primaryimage\"},\"image\":{\"@id\":\"https:\\\/\\\/www.multipartner.hr\\\/hr\\\/multimobility-nadogradnja-za-prijevoz-osoba-s-invaliditetom-na-iveco-daily\\\/#primaryimage\"},\"thumbnailUrl\":\"https:\\\/\\\/www.multipartner.hr\\\/wp-content\\\/uploads\\\/2019\\\/04\\\/iveco-daily-multimobility-nadogradnja-feat.jpg\",\"datePublished\":\"2019-04-09T08:16:02+00:00\",\"dateModified\":\"2019-04-09T08:16:04+00:00\",\"breadcrumb\":{\"@id\":\"https:\\\/\\\/www.multipartner.hr\\\/en\\\/multimobility-nadogradnja-za-prijevoz-osoba-s-invaliditetom-na-iveco-daily\\\/#breadcrumb\"},\"inLanguage\":\"en-US\",\"potentialAction\":[{\"@type\":\"ReadAction\",\"target\":[[\"https:\\\/\\\/www.multipartner.hr\\\/en\\\/multimobility-nadogradnja-za-prijevoz-osoba-s-invaliditetom-na-iveco-daily\\\/\"]]}]},{\"@type\":\"ImageObject\",\"inLanguage\":\"en-US\",\"@id\":\"https:\\\/\\\/www.multipartner.hr\\\/en\\\/multimobility-nadogradnja-za-prijevoz-osoba-s-invaliditetom-na-iveco-daily\\\/#primaryimage\",\"url\":\"https:\\\/\\\/www.multipartner.hr\\\/wp-content\\\/uploads\\\/2019\\\/04\\\/iveco-daily-multimobility-nadogradnja-feat.jpg\",\"contentUrl\":\"https:\\\/\\\/www.multipartner.hr\\\/wp-content\\\/uploads\\\/2019\\\/04\\\/iveco-daily-multimobility-nadogradnja-feat.jpg\",\"width\":894,\"height\":682},{\"@type\":\"BreadcrumbList\",\"@id\":\"https:\\\/\\\/www.multipartner.hr\\\/en\\\/multimobility-nadogradnja-za-prijevoz-osoba-s-invaliditetom-na-iveco-daily\\\/#breadcrumb\",\"itemListElement\":[{\"@type\":\"ListItem\",\"position\":1,\"name\":\"Home\",\"item\":\"https:\\\/\\\/www.multipartner.hr\\\/en\\\/\"},{\"@type\":\"ListItem\",\"position\":2,\"name\":\"MultiMobility \u2013 Nadogradnja za prijevoz osoba s invaliditetom na Iveco Daily\"}]},{\"@type\":\"WebSite\",\"@id\":\"https:\\\/\\\/www.multipartner.hr\\\/en\\\/#website\",\"url\":\"https:\\\/\\\/www.multipartner.hr\\\/en\\\/\",\"name\":\"MultiPartner\",\"description\":\"Nadogradnje vozila\",\"publisher\":{\"@id\":\"https:\\\/\\\/www.multipartner.hr\\\/en\\\/#organization\"},\"potentialAction\":[{\"@type\":\"SearchAction\",\"target\":{\"@type\":\"EntryPoint\",\"urlTemplate\":\"https:\\\/\\\/www.multipartner.hr\\\/en\\\/?s={search_term_string}\"},\"query-input\":{\"@type\":\"PropertyValueSpecification\",\"valueRequired\":true,\"valueName\":\"search_term_string\"}}],\"inLanguage\":\"en-US\"},{\"@type\":\"Organization\",\"@id\":\"https:\\\/\\\/www.multipartner.hr\\\/en\\\/#organization\",\"name\":\"MultiPartner\",\"url\":\"https:\\\/\\\/www.multipartner.hr\\\/en\\\/\",\"logo\":{\"@type\":\"ImageObject\",\"inLanguage\":\"en-US\",\"@id\":\"https:\\\/\\\/www.multipartner.hr\\\/en\\\/#\\\/schema\\\/logo\\\/image\\\/\",\"url\":\"https:\\\/\\\/www.multipartner.hr\\\/wp-content\\\/uploads\\\/2017\\\/11\\\/multipartner-logotip.png\",\"contentUrl\":\"https:\\\/\\\/www.multipartner.hr\\\/wp-content\\\/uploads\\\/2017\\\/11\\\/multipartner-logotip.png\",\"width\":186,\"height\":40,\"caption\":\"MultiPartner\"},\"image\":{\"@id\":\"https:\\\/\\\/www.multipartner.hr\\\/en\\\/#\\\/schema\\\/logo\\\/image\\\/\"},\"sameAs\":[\"https:\\\/\\\/www.facebook.com\\\/profile.php?id=100064068909354\"]},{\"@type\":\"Person\",\"@id\":\"https:\\\/\\\/www.multipartner.hr\\\/hr\\\/#\\\/schema\\\/person\\\/51880dcd6e5c785216bbb917ee96bf7d\",\"name\":\"MultiPartner\",\"image\":{\"@type\":\"ImageObject\",\"inLanguage\":\"en-US\",\"@id\":\"https:\\\/\\\/secure.gravatar.com\\\/avatar\\\/dd9d3cc73644597392ec9fb1ec3275f7103d1043f7b34e8cc45b7559dba6158b?s=96&d=mm&r=g\",\"url\":\"https:\\\/\\\/secure.gravatar.com\\\/avatar\\\/dd9d3cc73644597392ec9fb1ec3275f7103d1043f7b34e8cc45b7559dba6158b?s=96&d=mm&r=g\",\"contentUrl\":\"https:\\\/\\\/secure.gravatar.com\\\/avatar\\\/dd9d3cc73644597392ec9fb1ec3275f7103d1043f7b34e8cc45b7559dba6158b?s=96&d=mm&r=g\",\"caption\":\"MultiPartner\"},\"url\":\"https:\\\/\\\/www.multipartner.hr\\\/en\\\/author\\\/m_partner2019\\\/\"}]}<\/script>\n<!-- \/ Yoast SEO plugin. -->","yoast_head_json":{"title":"MultiMobility \u2013 Nadogradnja za prijevoz osoba s invaliditetom na Iveco Daily - MultiPartner","robots":{"index":"index","follow":"follow","max-snippet":"max-snippet:-1","max-image-preview":"max-image-preview:large","max-video-preview":"max-video-preview:-1"},"canonical":"https:\/\/www.multipartner.hr\/en\/multimobility-nadogradnja-za-prijevoz-osoba-s-invaliditetom-na-iveco-daily\/","og_locale":"en_US","og_type":"article","og_title":"MultiMobility \u2013 Nadogradnja za prijevoz osoba s invaliditetom na Iveco Daily - MultiPartner","og_description":"Nadogradili smo Iveco Daily za na\u0161eg dugogodi\u0161njeg klijenta - te tako jo\u0161 jednom potvrdili da ovo poznato transport vozilo mo\u017ee biti itekako zanimljivo za prijevoz osoba s invaliditetom u kolicima.","og_url":"https:\/\/www.multipartner.hr\/en\/multimobility-nadogradnja-za-prijevoz-osoba-s-invaliditetom-na-iveco-daily\/","og_site_name":"MultiPartner","article_publisher":"https:\/\/www.facebook.com\/profile.php?id=100064068909354","article_published_time":"2019-04-09T08:16:02+00:00","article_modified_time":"2019-04-09T08:16:04+00:00","og_image":[{"width":894,"height":682,"url":"https:\/\/www.multipartner.hr\/wp-content\/uploads\/2019\/04\/iveco-daily-multimobility-nadogradnja-feat.jpg","type":"image\/jpeg"}],"author":"MultiPartner","twitter_card":"summary_large_image","twitter_misc":{"Written by":"MultiPartner","Est. reading time":"1 minute"},"schema":{"@context":"https:\/\/schema.org","@graph":[{"@type":"Article","@id":"https:\/\/www.multipartner.hr\/hr\/multimobility-nadogradnja-za-prijevoz-osoba-s-invaliditetom-na-iveco-daily\/#article","isPartOf":{"@id":"https:\/\/www.multipartner.hr\/hr\/multimobility-nadogradnja-za-prijevoz-osoba-s-invaliditetom-na-iveco-daily\/"},"author":{"name":"MultiPartner","@id":"https:\/\/www.multipartner.hr\/hr\/#\/schema\/person\/51880dcd6e5c785216bbb917ee96bf7d"},"headline":"MultiMobility \u2013 Nadogradnja za prijevoz osoba s invaliditetom na Iveco Daily","datePublished":"2019-04-09T08:16:02+00:00","dateModified":"2019-04-09T08:16:04+00:00","mainEntityOfPage":{"@id":"https:\/\/www.multipartner.hr\/hr\/multimobility-nadogradnja-za-prijevoz-osoba-s-invaliditetom-na-iveco-daily\/"},"wordCount":168,"publisher":{"@id":"https:\/\/www.multipartner.hr\/hr\/#organization"},"image":{"@id":"https:\/\/www.multipartner.hr\/hr\/multimobility-nadogradnja-za-prijevoz-osoba-s-invaliditetom-na-iveco-daily\/#primaryimage"},"thumbnailUrl":"https:\/\/www.multipartner.hr\/wp-content\/uploads\/2019\/04\/iveco-daily-multimobility-nadogradnja-feat.jpg","keywords":["multimobility"],"articleSection":["Novosti"],"inLanguage":"en-US"},{"@type":"WebPage","@id":"https:\/\/www.multipartner.hr\/en\/multimobility-nadogradnja-za-prijevoz-osoba-s-invaliditetom-na-iveco-daily\/","url":"https:\/\/www.multipartner.hr\/en\/multimobility-nadogradnja-za-prijevoz-osoba-s-invaliditetom-na-iveco-daily\/","name":"MultiMobility \u2013 Nadogradnja za prijevoz osoba s invaliditetom na Iveco Daily - MultiPartner","isPartOf":{"@id":"https:\/\/www.multipartner.hr\/en\/#website"},"primaryImageOfPage":{"@id":"https:\/\/www.multipartner.hr\/en\/multimobility-nadogradnja-za-prijevoz-osoba-s-invaliditetom-na-iveco-daily\/#primaryimage"},"image":{"@id":"https:\/\/www.multipartner.hr\/hr\/multimobility-nadogradnja-za-prijevoz-osoba-s-invaliditetom-na-iveco-daily\/#primaryimage"},"thumbnailUrl":"https:\/\/www.multipartner.hr\/wp-content\/uploads\/2019\/04\/iveco-daily-multimobility-nadogradnja-feat.jpg","datePublished":"2019-04-09T08:16:02+00:00","dateModified":"2019-04-09T08:16:04+00:00","breadcrumb":{"@id":"https:\/\/www.multipartner.hr\/en\/multimobility-nadogradnja-za-prijevoz-osoba-s-invaliditetom-na-iveco-daily\/#breadcrumb"},"inLanguage":"en-US","potentialAction":[{"@type":"ReadAction","target":[["https:\/\/www.multipartner.hr\/en\/multimobility-nadogradnja-za-prijevoz-osoba-s-invaliditetom-na-iveco-daily\/"]]}]},{"@type":"ImageObject","inLanguage":"en-US","@id":"https:\/\/www.multipartner.hr\/en\/multimobility-nadogradnja-za-prijevoz-osoba-s-invaliditetom-na-iveco-daily\/#primaryimage","url":"https:\/\/www.multipartner.hr\/wp-content\/uploads\/2019\/04\/iveco-daily-multimobility-nadogradnja-feat.jpg","contentUrl":"https:\/\/www.multipartner.hr\/wp-content\/uploads\/2019\/04\/iveco-daily-multimobility-nadogradnja-feat.jpg","width":894,"height":682},{"@type":"BreadcrumbList","@id":"https:\/\/www.multipartner.hr\/en\/multimobility-nadogradnja-za-prijevoz-osoba-s-invaliditetom-na-iveco-daily\/#breadcrumb","itemListElement":[{"@type":"ListItem","position":1,"name":"Home","item":"https:\/\/www.multipartner.hr\/en\/"},{"@type":"ListItem","position":2,"name":"MultiMobility \u2013 Nadogradnja za prijevoz osoba s invaliditetom na Iveco Daily"}]},{"@type":"WebSite","@id":"https:\/\/www.multipartner.hr\/en\/#website","url":"https:\/\/www.multipartner.hr\/en\/","name":"MultiPartner","description":"Nadogradnje vozila","publisher":{"@id":"https:\/\/www.multipartner.hr\/en\/#organization"},"potentialAction":[{"@type":"SearchAction","target":{"@type":"EntryPoint","urlTemplate":"https:\/\/www.multipartner.hr\/en\/?s={search_term_string}"},"query-input":{"@type":"PropertyValueSpecification","valueRequired":true,"valueName":"search_term_string"}}],"inLanguage":"en-US"},{"@type":"Organization","@id":"https:\/\/www.multipartner.hr\/en\/#organization","name":"MultiPartner","url":"https:\/\/www.multipartner.hr\/en\/","logo":{"@type":"ImageObject","inLanguage":"en-US","@id":"https:\/\/www.multipartner.hr\/en\/#\/schema\/logo\/image\/","url":"https:\/\/www.multipartner.hr\/wp-content\/uploads\/2017\/11\/multipartner-logotip.png","contentUrl":"https:\/\/www.multipartner.hr\/wp-content\/uploads\/2017\/11\/multipartner-logotip.png","width":186,"height":40,"caption":"MultiPartner"},"image":{"@id":"https:\/\/www.multipartner.hr\/en\/#\/schema\/logo\/image\/"},"sameAs":["https:\/\/www.facebook.com\/profile.php?id=100064068909354"]},{"@type":"Person","@id":"https:\/\/www.multipartner.hr\/hr\/#\/schema\/person\/51880dcd6e5c785216bbb917ee96bf7d","name":"MultiPartner","image":{"@type":"ImageObject","inLanguage":"en-US","@id":"https:\/\/secure.gravatar.com\/avatar\/dd9d3cc73644597392ec9fb1ec3275f7103d1043f7b34e8cc45b7559dba6158b?s=96&d=mm&r=g","url":"https:\/\/secure.gravatar.com\/avatar\/dd9d3cc73644597392ec9fb1ec3275f7103d1043f7b34e8cc45b7559dba6158b?s=96&d=mm&r=g","contentUrl":"https:\/\/secure.gravatar.com\/avatar\/dd9d3cc73644597392ec9fb1ec3275f7103d1043f7b34e8cc45b7559dba6158b?s=96&d=mm&r=g","caption":"MultiPartner"},"url":"https:\/\/www.multipartner.hr\/en\/author\/m_partner2019\/"}]}},"_links":{"self":[{"href":"https:\/\/www.multipartner.hr\/en\/wp-json\/wp\/v2\/posts\/1931","targetHints":{"allow":["GET"]}}],"collection":[{"href":"https:\/\/www.multipartner.hr\/en\/wp-json\/wp\/v2\/posts"}],"about":[{"href":"https:\/\/www.multipartner.hr\/en\/wp-json\/wp\/v2\/types\/post"}],"author":[{"embeddable":true,"href":"https:\/\/www.multipartner.hr\/en\/wp-json\/wp\/v2\/users\/2"}],"replies":[{"embeddable":true,"href":"https:\/\/www.multipartner.hr\/en\/wp-json\/wp\/v2\/comments?post=1931"}],"version-history":[{"count":4,"href":"https:\/\/www.multipartner.hr\/en\/wp-json\/wp\/v2\/posts\/1931\/revisions"}],"predecessor-version":[{"id":1939,"href":"https:\/\/www.multipartner.hr\/en\/wp-json\/wp\/v2\/posts\/1931\/revisions\/1939"}],"wp:featuredmedia":[{"embeddable":true,"href":"https:\/\/www.multipartner.hr\/en\/wp-json\/wp\/v2\/media\/1934"}],"wp:attachment":[{"href":"https:\/\/www.multipartner.hr\/en\/wp-json\/wp\/v2\/media?parent=1931"}],"wp:term":[{"taxonomy":"category","embeddable":true,"href":"https:\/\/www.multipartner.hr\/en\/wp-json\/wp\/v2\/categories?post=1931"},{"taxonomy":"post_tag","embeddable":true,"href":"https:\/\/www.multipartner.hr\/en\/wp-json\/wp\/v2\/tags?post=1931"}],"curies":[{"name":"wp","href":"https:\/\/api.w.org\/{rel}","templated":true}]}}